
{"id":72796,"date":"2018-06-14T20:09:34","date_gmt":"2018-06-14T23:09:34","guid":{"rendered":"http:\/\/www.sudoestehoje.com.br\/novoportal\/?p=72796"},"modified":"2018-06-14T20:09:34","modified_gmt":"2018-06-14T23:09:34","slug":"campanha-de-vacinacao-contra-gripe-sera-prorrogada-ate-22-de-junho","status":"publish","type":"post","link":"https:\/\/www.sudoestehoje.com.br\/novoportal\/2018\/06\/14\/campanha-de-vacinacao-contra-gripe-sera-prorrogada-ate-22-de-junho\/","title":{"rendered":"CAMPANHA DE VACINA\u00c7\u00c3O CONTRA GRIPE SER\u00c1 PRORROGADA AT\u00c9 22 DE JUNHO"},"content":{"rendered":"<p><a href=\"http:\/\/www.sudoestehoje.com.br\/novoportal\/wp-content\/uploads\/2018\/06\/VACINA.jpg\"><img loading=\"lazy\" decoding=\"async\" class=\"aligncenter size-medium wp-image-72797\" src=\"http:\/\/www.sudoestehoje.com.br\/novoportal\/wp-content\/uploads\/2018\/06\/VACINA-500x333.jpg\" alt=\"\" width=\"500\" height=\"333\" srcset=\"https:\/\/www.sudoestehoje.com.br\/novoportal\/wp-content\/uploads\/2018\/06\/VACINA-500x333.jpg 500w, https:\/\/www.sudoestehoje.com.br\/novoportal\/wp-content\/uploads\/2018\/06\/VACINA.jpg 600w\" sizes=\"auto, (max-width: 500px) 100vw, 500px\" \/><\/a><\/p>\n<p>O Minist\u00e9rio da Sa\u00fade vai prorrogar mais uma vez a Campanha Nacional de Vacina\u00e7\u00e3o contra a gripe, que deveria ter sido encerrada no in\u00edcio do m\u00eas. A decis\u00e3o de estender o prazo para at\u00e9 o dia 22 deste m\u00eas ocorreu depois da constata\u00e7\u00e3o de que a maioria dos estados n\u00e3o atingiria a meta at\u00e9 esta sexta-feira (15), quando se encerraria a campanha iniciada no dia 23 de abril. Ser\u00e1 a segunda prorroga\u00e7\u00e3o de prazo.<\/p>\n<p>Na Bahia, a maioria dos munic\u00edpios n\u00e3o atingiu a meta de vacina\u00e7\u00e3o contra a gripe. O \u00faltimo levantamento indicou que pouco mais de 76% das pessoas dos grupos priorit\u00e1rios tinham sido imunizadas no estado.Cerca de 800 mil baianos ainda n\u00e3o compareceram \u00e0s unidades de sa\u00fade nos 417 munic\u00edpios baianos.<\/p>\n<p>O Minist\u00e9rio da Sa\u00fade informou que a preocupa\u00e7\u00e3o aumenta com a proximidade do inverno,\u00a0per\u00edodo de maior circula\u00e7\u00e3o dos v\u00edrus da gripe. Disse tamb\u00e9m que \u00e9 preocupante o n\u00famero de casos e mortes registrados no Brasil, que j\u00e1 dobraram em rela\u00e7\u00e3o ao mesmo per\u00edodo do ano passado. Segundo o \u00faltimo levantamento, 11,8 milh\u00f5es de pessoas ainda precisam se vacinar contra a gripe.<\/p>\n<p>A partir do dia 25 de junho, caso haja disponibilidade de vacinas nos estados e munic\u00edpios, a imuniza\u00e7\u00e3o contra gripe poder\u00e1 ser ampliada para crian\u00e7as de cinco a nove anos de idade e adultos de 50 a 59 anos. Nos estados que j\u00e1 atingiram a meta de 90%, essa estrat\u00e9gia j\u00e1 pode ser adotada.<\/p>\n","protected":false},"excerpt":{"rendered":"<p>O Minist\u00e9rio da Sa\u00fade vai prorrogar mais uma vez a Campanha Nacional de Vacina\u00e7\u00e3o contra a gripe, que deveria ter sido encerrada no in\u00edcio do m\u00eas. A decis\u00e3o de estender o prazo para at\u00e9 o dia 22 deste m\u00eas ocorreu depois da constata\u00e7\u00e3o de que a maioria dos estados n\u00e3o atingiria a meta at\u00e9 esta [&hellip;]<\/p>\n","protected":false},"author":2,"featured_media":72797,"comment_status":"open","ping_status":"open","sticky":false,"template":"","format":"standard","meta":{"footnotes":"","_links_to":"","_links_to_target":""},"categories":[1],"tags":[],"class_list":["post-72796","post","type-post","status-publish","format-standard","has-post-thumbnail","hentry","category-geral"],"views":1048,"_links":{"self":[{"href":"https:\/\/www.sudoestehoje.com.br\/novoportal\/wp-json\/wp\/v2\/posts\/72796","targetHints":{"allow":["GET"]}}],"collection":[{"href":"https:\/\/www.sudoestehoje.com.br\/novoportal\/wp-json\/wp\/v2\/posts"}],"about":[{"href":"https:\/\/www.sudoestehoje.com.br\/novoportal\/wp-json\/wp\/v2\/types\/post"}],"author":[{"embeddable":true,"href":"https:\/\/www.sudoestehoje.com.br\/novoportal\/wp-json\/wp\/v2\/users\/2"}],"replies":[{"embeddable":true,"href":"https:\/\/www.sudoestehoje.com.br\/novoportal\/wp-json\/wp\/v2\/comments?post=72796"}],"version-history":[{"count":2,"href":"https:\/\/www.sudoestehoje.com.br\/novoportal\/wp-json\/wp\/v2\/posts\/72796\/revisions"}],"predecessor-version":[{"id":72799,"href":"https:\/\/www.sudoestehoje.com.br\/novoportal\/wp-json\/wp\/v2\/posts\/72796\/revisions\/72799"}],"wp:featuredmedia":[{"embeddable":true,"href":"https:\/\/www.sudoestehoje.com.br\/novoportal\/wp-json\/wp\/v2\/media\/72797"}],"wp:attachment":[{"href":"https:\/\/www.sudoestehoje.com.br\/novoportal\/wp-json\/wp\/v2\/media?parent=72796"}],"wp:term":[{"taxonomy":"category","embeddable":true,"href":"https:\/\/www.sudoestehoje.com.br\/novoportal\/wp-json\/wp\/v2\/categories?post=72796"},{"taxonomy":"post_tag","embeddable":true,"href":"https:\/\/www.sudoestehoje.com.br\/novoportal\/wp-json\/wp\/v2\/tags?post=72796"}],"curies":[{"name":"wp","href":"https:\/\/api.w.org\/{rel}","templated":true}]}}