
{"id":72783,"date":"2018-06-12T23:50:14","date_gmt":"2018-06-13T02:50:14","guid":{"rendered":"http:\/\/www.sudoestehoje.com.br\/novoportal\/?p=72783"},"modified":"2018-06-12T23:50:14","modified_gmt":"2018-06-13T02:50:14","slug":"ministro-do-stj-nega-recurso-para-que-lula-seja-solto-e-dispute-eleicao","status":"publish","type":"post","link":"https:\/\/www.sudoestehoje.com.br\/novoportal\/2018\/06\/12\/ministro-do-stj-nega-recurso-para-que-lula-seja-solto-e-dispute-eleicao\/","title":{"rendered":"MINISTRO DO STJ NEGA RECURSO PARA QUE LULA SEJA SOLTO E DISPUTE ELEI\u00c7\u00c3O"},"content":{"rendered":"<p><a href=\"http:\/\/www.sudoestehoje.com.br\/novoportal\/wp-content\/uploads\/2018\/06\/LULA.jpg\"><img loading=\"lazy\" decoding=\"async\" class=\"aligncenter size-medium wp-image-72784\" src=\"http:\/\/www.sudoestehoje.com.br\/novoportal\/wp-content\/uploads\/2018\/06\/LULA-500x281.jpg\" alt=\"\" width=\"500\" height=\"281\" srcset=\"https:\/\/www.sudoestehoje.com.br\/novoportal\/wp-content\/uploads\/2018\/06\/LULA-500x281.jpg 500w, https:\/\/www.sudoestehoje.com.br\/novoportal\/wp-content\/uploads\/2018\/06\/LULA.jpg 540w\" sizes=\"auto, (max-width: 500px) 100vw, 500px\" \/><\/a><\/p>\n<p>O ministro\u00a0F\u00e9lix Fischer, relator dos casos da Opera\u00e7\u00e3o Lava Jato no\u00a0Superior Tribunal de Justi\u00e7a (STJ), negou o pedido do ex-presidente\u00a0Luiz In\u00e1cio Lula da Silva (PT)\u00a0para conceder efeito suspensivo ao recurso que o petista apresentou ao STJ. Se tivesse aceito as argumenta\u00e7\u00f5es de Lula, Fischer suspenderia todos os efeitos da pena, o que incluiria libertar o ex-presidente da pris\u00e3o e torn\u00e1-lo eleg\u00edvel para as elei\u00e7\u00f5es de 2018.<\/p>\n<p>Na avalia\u00e7\u00e3o do ministro, como o Tribunal Regional Federal da 4\u00aa Regi\u00e3o (TRF4) ainda n\u00e3o decidiu se vai ou n\u00e3o remeter o recurso especial do ex-presidente ao STJ, seria \u201cuma verdadeira antecipa\u00e7\u00e3o do julgamento\u201d autorizar o efeito suspensivo nessa altura do processo.<\/p>\n<p>Na peti\u00e7\u00e3o ao ministro, a defesa alegou que a pressa se justificava pelo fato de Lula ser pr\u00e9-candidato \u00e0 Presid\u00eancia da Rep\u00fablica pelo PT e precisar da suspens\u00e3o da pena para participar do processo eleitoral. De acordo com seus advogados, o ex-presidente \u201ccorre s\u00e9rios riscos\u201d de ter \u201cseus direitos pol\u00edticos cerceados\u201d se ficar de fora da elei\u00e7\u00e3o.<\/p>\n","protected":false},"excerpt":{"rendered":"<p>O ministro\u00a0F\u00e9lix Fischer, relator dos casos da Opera\u00e7\u00e3o Lava Jato no\u00a0Superior Tribunal de Justi\u00e7a (STJ), negou o pedido do ex-presidente\u00a0Luiz In\u00e1cio Lula da Silva (PT)\u00a0para conceder efeito suspensivo ao recurso que o petista apresentou ao STJ. Se tivesse aceito as argumenta\u00e7\u00f5es de Lula, Fischer suspenderia todos os efeitos da pena, o que incluiria libertar o [&hellip;]<\/p>\n","protected":false},"author":2,"featured_media":72784,"comment_status":"open","ping_status":"open","sticky":false,"template":"","format":"standard","meta":{"footnotes":"","_links_to":"","_links_to_target":""},"categories":[1],"tags":[],"class_list":["post-72783","post","type-post","status-publish","format-standard","has-post-thumbnail","hentry","category-geral"],"views":1268,"_links":{"self":[{"href":"https:\/\/www.sudoestehoje.com.br\/novoportal\/wp-json\/wp\/v2\/posts\/72783","targetHints":{"allow":["GET"]}}],"collection":[{"href":"https:\/\/www.sudoestehoje.com.br\/novoportal\/wp-json\/wp\/v2\/posts"}],"about":[{"href":"https:\/\/www.sudoestehoje.com.br\/novoportal\/wp-json\/wp\/v2\/types\/post"}],"author":[{"embeddable":true,"href":"https:\/\/www.sudoestehoje.com.br\/novoportal\/wp-json\/wp\/v2\/users\/2"}],"replies":[{"embeddable":true,"href":"https:\/\/www.sudoestehoje.com.br\/novoportal\/wp-json\/wp\/v2\/comments?post=72783"}],"version-history":[{"count":1,"href":"https:\/\/www.sudoestehoje.com.br\/novoportal\/wp-json\/wp\/v2\/posts\/72783\/revisions"}],"predecessor-version":[{"id":72785,"href":"https:\/\/www.sudoestehoje.com.br\/novoportal\/wp-json\/wp\/v2\/posts\/72783\/revisions\/72785"}],"wp:featuredmedia":[{"embeddable":true,"href":"https:\/\/www.sudoestehoje.com.br\/novoportal\/wp-json\/wp\/v2\/media\/72784"}],"wp:attachment":[{"href":"https:\/\/www.sudoestehoje.com.br\/novoportal\/wp-json\/wp\/v2\/media?parent=72783"}],"wp:term":[{"taxonomy":"category","embeddable":true,"href":"https:\/\/www.sudoestehoje.com.br\/novoportal\/wp-json\/wp\/v2\/categories?post=72783"},{"taxonomy":"post_tag","embeddable":true,"href":"https:\/\/www.sudoestehoje.com.br\/novoportal\/wp-json\/wp\/v2\/tags?post=72783"}],"curies":[{"name":"wp","href":"https:\/\/api.w.org\/{rel}","templated":true}]}}