
{"id":72780,"date":"2018-06-12T22:52:18","date_gmt":"2018-06-13T01:52:18","guid":{"rendered":"http:\/\/www.sudoestehoje.com.br\/novoportal\/?p=72780"},"modified":"2018-06-12T22:52:18","modified_gmt":"2018-06-13T01:52:18","slug":"conquista-ciano-de-herzem-comemora-melhorias-no-shopping-popular","status":"publish","type":"post","link":"https:\/\/www.sudoestehoje.com.br\/novoportal\/2018\/06\/12\/conquista-ciano-de-herzem-comemora-melhorias-no-shopping-popular\/","title":{"rendered":"CONQUISTA: CIANO DE HERZEM COMEMORA MELHORIAS NO SHOPPING POPULAR"},"content":{"rendered":"<p><a href=\"http:\/\/www.sudoestehoje.com.br\/novoportal\/wp-content\/uploads\/2018\/06\/shopping-popular-vitoria-da-conquista.jpg\"><img loading=\"lazy\" decoding=\"async\" class=\"aligncenter size-medium wp-image-72781\" src=\"http:\/\/www.sudoestehoje.com.br\/novoportal\/wp-content\/uploads\/2018\/06\/shopping-popular-vitoria-da-conquista-500x343.jpg\" alt=\"\" width=\"500\" height=\"343\" srcset=\"https:\/\/www.sudoestehoje.com.br\/novoportal\/wp-content\/uploads\/2018\/06\/shopping-popular-vitoria-da-conquista-500x343.jpg 500w, https:\/\/www.sudoestehoje.com.br\/novoportal\/wp-content\/uploads\/2018\/06\/shopping-popular-vitoria-da-conquista.jpg 600w\" sizes=\"auto, (max-width: 500px) 100vw, 500px\" \/><\/a><\/p>\n<p>Depois de isentar os comerciantes do Shopping Popular \u2013 antiga Feira do Paraguai \u2013 do pagamento de uma amarga taxa de condom\u00ednio de quase R$ 300, o prefeito Herzem Gusm\u00e3o vai criar novas alternativas para fortalecer a pequena economia que circula naquele espa\u00e7o.<\/p>\n<p>Em reuni\u00e3o recente, o gestor indicou que vai buscar parcerias para instala\u00e7\u00e3o de caixas eletr\u00f4nicas de bancos no shopping popular e ofertar boxes para lanchonetes.\u00a0Entusiasta do com\u00e9rcio popular, o pr\u00e9-candidato a deputado federal e ex-coordenador de Servi\u00e7os B\u00e1sicos, Ciano Filho comemorou as medidas e afirmou que o prefeito Herzem Gusm\u00e3o demonstra sensibilidade ao buscar alternativas para melhor funcionamento do espa\u00e7o.<\/p>\n<p>Segundo ele, h\u00e1 bastante tempo os permission\u00e1rios vinham buscando solu\u00e7\u00f5es para melhorar o com\u00e9rcio, e que somente neste governo encontrou ambiente para dialogar e avan\u00e7ar em v\u00e1rias propostas.<\/p>\n<p><em>\u201cEstou feliz e pelo que pude conversar com os comerciantes, todos est\u00e3o ansiosos pelas mudan\u00e7as. O Shopping Popular merece ser tratado com todo o carinho porque ali est\u00e3o trabalhadores e trabalhadoras que lutam para viver dignamente. Tamb\u00e9m aprovamos a ideia de cria\u00e7\u00e3o de uma associa\u00e7\u00e3o para gerenciar aquele espa\u00e7o. \u00c9 o melhor modelo. Com todas essas mudan\u00e7as, o shopping popular vai ganhar vida\u201d<\/em>, afirmou Ciano Filho.<\/p>\n","protected":false},"excerpt":{"rendered":"<p>Depois de isentar os comerciantes do Shopping Popular \u2013 antiga Feira do Paraguai \u2013 do pagamento de uma amarga taxa de condom\u00ednio de quase R$ 300, o prefeito Herzem Gusm\u00e3o vai criar novas alternativas para fortalecer a pequena economia que circula naquele espa\u00e7o. Em reuni\u00e3o recente, o gestor indicou que vai buscar parcerias para instala\u00e7\u00e3o [&hellip;]<\/p>\n","protected":false},"author":2,"featured_media":72781,"comment_status":"open","ping_status":"open","sticky":false,"template":"","format":"standard","meta":{"footnotes":"","_links_to":"","_links_to_target":""},"categories":[1],"tags":[],"class_list":["post-72780","post","type-post","status-publish","format-standard","has-post-thumbnail","hentry","category-geral"],"views":1075,"_links":{"self":[{"href":"https:\/\/www.sudoestehoje.com.br\/novoportal\/wp-json\/wp\/v2\/posts\/72780","targetHints":{"allow":["GET"]}}],"collection":[{"href":"https:\/\/www.sudoestehoje.com.br\/novoportal\/wp-json\/wp\/v2\/posts"}],"about":[{"href":"https:\/\/www.sudoestehoje.com.br\/novoportal\/wp-json\/wp\/v2\/types\/post"}],"author":[{"embeddable":true,"href":"https:\/\/www.sudoestehoje.com.br\/novoportal\/wp-json\/wp\/v2\/users\/2"}],"replies":[{"embeddable":true,"href":"https:\/\/www.sudoestehoje.com.br\/novoportal\/wp-json\/wp\/v2\/comments?post=72780"}],"version-history":[{"count":1,"href":"https:\/\/www.sudoestehoje.com.br\/novoportal\/wp-json\/wp\/v2\/posts\/72780\/revisions"}],"predecessor-version":[{"id":72782,"href":"https:\/\/www.sudoestehoje.com.br\/novoportal\/wp-json\/wp\/v2\/posts\/72780\/revisions\/72782"}],"wp:featuredmedia":[{"embeddable":true,"href":"https:\/\/www.sudoestehoje.com.br\/novoportal\/wp-json\/wp\/v2\/media\/72781"}],"wp:attachment":[{"href":"https:\/\/www.sudoestehoje.com.br\/novoportal\/wp-json\/wp\/v2\/media?parent=72780"}],"wp:term":[{"taxonomy":"category","embeddable":true,"href":"https:\/\/www.sudoestehoje.com.br\/novoportal\/wp-json\/wp\/v2\/categories?post=72780"},{"taxonomy":"post_tag","embeddable":true,"href":"https:\/\/www.sudoestehoje.com.br\/novoportal\/wp-json\/wp\/v2\/tags?post=72780"}],"curies":[{"name":"wp","href":"https:\/\/api.w.org\/{rel}","templated":true}]}}