
{"id":72777,"date":"2018-06-12T22:39:35","date_gmt":"2018-06-13T01:39:35","guid":{"rendered":"http:\/\/www.sudoestehoje.com.br\/novoportal\/?p=72777"},"modified":"2018-06-12T22:39:35","modified_gmt":"2018-06-13T01:39:35","slug":"pedreiro-e-preso-acusado-de-estuprar-e-matar-a-propria-mae-em-valenca","status":"publish","type":"post","link":"https:\/\/www.sudoestehoje.com.br\/novoportal\/2018\/06\/12\/pedreiro-e-preso-acusado-de-estuprar-e-matar-a-propria-mae-em-valenca\/","title":{"rendered":"PEDREIRO \u00c9 PRESO ACUSADO DE ESTUPRAR E MATAR A PR\u00d3PRIA M\u00c3E EM VALEN\u00c7A"},"content":{"rendered":"<h2 class=\"PostHeaderIcon-wrapper\"><span class=\"PostHeader\"><a href=\"http:\/\/www.sudoestehoje.com.br\/novoportal\/wp-content\/uploads\/2018\/06\/acusado-de-assassinar-a-pr\u00f3pria-m\u00e3e.jpg\"><img loading=\"lazy\" decoding=\"async\" class=\"aligncenter size-medium wp-image-72778\" src=\"http:\/\/www.sudoestehoje.com.br\/novoportal\/wp-content\/uploads\/2018\/06\/acusado-de-assassinar-a-pr\u00f3pria-m\u00e3e-500x432.jpg\" alt=\"\" width=\"500\" height=\"432\" srcset=\"https:\/\/www.sudoestehoje.com.br\/novoportal\/wp-content\/uploads\/2018\/06\/acusado-de-assassinar-a-pr\u00f3pria-m\u00e3e-500x432.jpg 500w, https:\/\/www.sudoestehoje.com.br\/novoportal\/wp-content\/uploads\/2018\/06\/acusado-de-assassinar-a-pr\u00f3pria-m\u00e3e.jpg 579w\" sizes=\"auto, (max-width: 500px) 100vw, 500px\" \/><\/a><\/span><\/h2>\n<p>Policiais da Delegacia Territorial (DT) de Valen\u00e7a prenderam em flagrante, na manh\u00e3 desta ter\u00e7a-feira (12), o pedreiro Reginaldo da Boa Morte Santos, de 60 anos, acusado de estuprar e assassinar a m\u00e3e de 75 anos, na madrugada de hoje.<\/p>\n<p>De acordo com o delegado Jos\u00e9 Raimundo N\u00e9ri Pinto, coordenador da 5\u00aa Coordenadoria Regional de Pol\u00edcia Civil (Coorpin \/ Valen\u00e7a), o autor alegou que cometeu o crime estar alcoolizado. \u201cEle estuprou e assassinou por asfixia a pr\u00f3pria m\u00e3e, que iria fazer 76 anos, nesta quarta-feira (13), na casa onde morava com ela. Durante o interrogat\u00f3rio Reginaldo alegou que a bebida o fez cometer o crime\u201d, explicou o coordenador regional.<\/p>\n<p>Reginaldo tentou ocultar o crime providenciando a limpeza do local onde tudo aconteceu e o sepultamento da v\u00edtima, o que foi impedido pela a\u00e7\u00e3o r\u00e1pida da equipe da Delegacia Territorial de Valen\u00e7a. \u201cA v\u00edtima chegou a entrar em luta corporal com o agressor para tentar se defender. Ele foi autuado por estupro seguido de morte e segue preso \u00e0 disposi\u00e7\u00e3o da Justi\u00e7a\u201d, afirma o delegado. \/\/<em>Pimenta<\/em><\/p>\n","protected":false},"excerpt":{"rendered":"<p>Policiais da Delegacia Territorial (DT) de Valen\u00e7a prenderam em flagrante, na manh\u00e3 desta ter\u00e7a-feira (12), o pedreiro Reginaldo da Boa Morte Santos, de 60 anos, acusado de estuprar e assassinar a m\u00e3e de 75 anos, na madrugada de hoje. De acordo com o delegado Jos\u00e9 Raimundo N\u00e9ri Pinto, coordenador da 5\u00aa Coordenadoria Regional de Pol\u00edcia [&hellip;]<\/p>\n","protected":false},"author":2,"featured_media":72778,"comment_status":"open","ping_status":"open","sticky":false,"template":"","format":"standard","meta":{"footnotes":"","_links_to":"","_links_to_target":""},"categories":[1],"tags":[],"class_list":["post-72777","post","type-post","status-publish","format-standard","has-post-thumbnail","hentry","category-geral"],"views":20254,"_links":{"self":[{"href":"https:\/\/www.sudoestehoje.com.br\/novoportal\/wp-json\/wp\/v2\/posts\/72777","targetHints":{"allow":["GET"]}}],"collection":[{"href":"https:\/\/www.sudoestehoje.com.br\/novoportal\/wp-json\/wp\/v2\/posts"}],"about":[{"href":"https:\/\/www.sudoestehoje.com.br\/novoportal\/wp-json\/wp\/v2\/types\/post"}],"author":[{"embeddable":true,"href":"https:\/\/www.sudoestehoje.com.br\/novoportal\/wp-json\/wp\/v2\/users\/2"}],"replies":[{"embeddable":true,"href":"https:\/\/www.sudoestehoje.com.br\/novoportal\/wp-json\/wp\/v2\/comments?post=72777"}],"version-history":[{"count":1,"href":"https:\/\/www.sudoestehoje.com.br\/novoportal\/wp-json\/wp\/v2\/posts\/72777\/revisions"}],"predecessor-version":[{"id":72779,"href":"https:\/\/www.sudoestehoje.com.br\/novoportal\/wp-json\/wp\/v2\/posts\/72777\/revisions\/72779"}],"wp:featuredmedia":[{"embeddable":true,"href":"https:\/\/www.sudoestehoje.com.br\/novoportal\/wp-json\/wp\/v2\/media\/72778"}],"wp:attachment":[{"href":"https:\/\/www.sudoestehoje.com.br\/novoportal\/wp-json\/wp\/v2\/media?parent=72777"}],"wp:term":[{"taxonomy":"category","embeddable":true,"href":"https:\/\/www.sudoestehoje.com.br\/novoportal\/wp-json\/wp\/v2\/categories?post=72777"},{"taxonomy":"post_tag","embeddable":true,"href":"https:\/\/www.sudoestehoje.com.br\/novoportal\/wp-json\/wp\/v2\/tags?post=72777"}],"curies":[{"name":"wp","href":"https:\/\/api.w.org\/{rel}","templated":true}]}}