
{"id":72774,"date":"2018-06-12T22:25:07","date_gmt":"2018-06-13T01:25:07","guid":{"rendered":"http:\/\/www.sudoestehoje.com.br\/novoportal\/?p=72774"},"modified":"2018-06-12T22:25:07","modified_gmt":"2018-06-13T01:25:07","slug":"presidentes-de-camaras-de-vereadores-sao-notificados-sobre-a-ficha-limpa","status":"publish","type":"post","link":"https:\/\/www.sudoestehoje.com.br\/novoportal\/2018\/06\/12\/presidentes-de-camaras-de-vereadores-sao-notificados-sobre-a-ficha-limpa\/","title":{"rendered":"PRESIDENTES DE C\u00c2MARAS DE VEREADORES S\u00c3O NOTIFICADOS SOBRE A FICHA LIMPA"},"content":{"rendered":"<p><a href=\"http:\/\/www.sudoestehoje.com.br\/novoportal\/wp-content\/uploads\/2018\/06\/concurso-tcm-ba-2018.jpg\"><img loading=\"lazy\" decoding=\"async\" class=\"aligncenter size-medium wp-image-72775\" src=\"http:\/\/www.sudoestehoje.com.br\/novoportal\/wp-content\/uploads\/2018\/06\/concurso-tcm-ba-2018-500x335.jpg\" alt=\"\" width=\"500\" height=\"335\" srcset=\"https:\/\/www.sudoestehoje.com.br\/novoportal\/wp-content\/uploads\/2018\/06\/concurso-tcm-ba-2018-500x335.jpg 500w, https:\/\/www.sudoestehoje.com.br\/novoportal\/wp-content\/uploads\/2018\/06\/concurso-tcm-ba-2018-768x514.jpg 768w, https:\/\/www.sudoestehoje.com.br\/novoportal\/wp-content\/uploads\/2018\/06\/concurso-tcm-ba-2018-700x469.jpg 700w, https:\/\/www.sudoestehoje.com.br\/novoportal\/wp-content\/uploads\/2018\/06\/concurso-tcm-ba-2018.jpg 1068w\" sizes=\"auto, (max-width: 500px) 100vw, 500px\" \/><\/a><\/p>\n<p>O presidente do Tribunal de Contas dos Munic\u00edpios, conselheiro Francisco de Souza Andrade Netto, notificou os presidentes das c\u00e2maras vereadores na Bahia para que encaminhem, num prazo\u00a0 de 30 dias, os decretos legislativos, acompanhados das atas de julgamento das contas municipais relativas aos exerc\u00edcios de 2008 a 2016.<\/p>\n<p>A determina\u00e7\u00e3o visa o cumprimento de exig\u00eancia constitucional que tem por objetivo informar \u00e0 Justi\u00e7a Eleitoral a rela\u00e7\u00e3o de gestores que tiveram \u201ccontas rejeitadas por irregularidades insan\u00e1veis ou atos dolosos de improbidade administrativa\u201d, e que, por esta raz\u00e3o, se enquadram na Lei de Ficha Limpa \u2013 e s\u00e3o, a princ\u00edpio, ineleg\u00edveis.<\/p>\n<p>O presidente explica que, em caso de descumprimento da determina\u00e7\u00e3o, o TCM ir\u00e1 relacionar e informar ao Tribunal Regional Eleitoral (TRE-BA) os nomes de todos os gestores municipais que tiveram contas rejeitadas pela corte entre os anos de 2008 a 2016. Francisco de Souza afirma que, sem os decretos legislativos e as atas de julgamento das contas por parte das c\u00e2maras de vereadores, n\u00e3o ser\u00e1 poss\u00edvel ao TCM atestar se houve ratifica\u00e7\u00e3o ou n\u00e3o, pelo poder legislativo municipal, do parecer pr\u00e9vio aprovado pelos conselheiros do tribunal. <span style=\"color: #0000ff;\"><em>CONTINUE LENDO &gt;&gt;&gt;&gt;<\/em><\/span><!--more--><\/p>\n<p>O edital publicado nesta ter\u00e7a-feira (12) no Di\u00e1rio Oficial pelo TCM atende solicita\u00e7\u00e3o encaminhada pelo presidente do TRE, desembargador Jos\u00e9 Rocha Rotondano, pelo desembargador Edmilson Jatahy Fonseca, corregedor da corte eleitoral e pelo procurador regional eleitoral, Cl\u00e1udio Alberto Cunha. No of\u00edcio, eles solicitam que sejam informadas, por interm\u00e9dio da ferramenta digital \u201cSisContaEleitoral\u201d, num prazo de 60 dias, as ocorr\u00eancias que ensejam as referidas inelegibilidades, no \u00e2mbito da institui\u00e7\u00e3o, assim relacionados<\/p>\n<p>\u201cAgentes p\u00fablicos que tiveram suas contas relativas ao exerc\u00edcio de cargos ou fun\u00e7\u00f5es p\u00fablicas rejeitadas por irregularidade insan\u00e1vel e por decis\u00e3o irrecorr\u00edvel do \u00f3rg\u00e3o competente, desde o ano de 2008 (art.1\u00ba. inciso1, al\u00ednea \u201cg\u201d, da LC n\u00ba64\/90 e art. 11.\u00a7 5\u00ba da Lei 9.504\/97).<\/p>\n<p>Al\u00e9m de servidores p\u00fablicos vinculados a essa institui\u00e7\u00e3o que foram demitidos do servi\u00e7o p\u00fablico em decorr\u00eancia de processo administrativo ou judicial, desde o ano de 2008 (art.1\u00ba, inciso !, al\u00ednea\u201do\u201d, da LC n\u00ba64\/90)\u201d. \/\/<em>Pimenta<\/em><\/p>\n","protected":false},"excerpt":{"rendered":"<p>O presidente do Tribunal de Contas dos Munic\u00edpios, conselheiro Francisco de Souza Andrade Netto, notificou os presidentes das c\u00e2maras vereadores na Bahia para que encaminhem, num prazo\u00a0 de 30 dias, os decretos legislativos, acompanhados das atas de julgamento das contas municipais relativas aos exerc\u00edcios de 2008 a 2016. A determina\u00e7\u00e3o visa o cumprimento de exig\u00eancia [&hellip;]<\/p>\n","protected":false},"author":2,"featured_media":72775,"comment_status":"open","ping_status":"open","sticky":false,"template":"","format":"standard","meta":{"footnotes":"","_links_to":"","_links_to_target":""},"categories":[1],"tags":[],"class_list":["post-72774","post","type-post","status-publish","format-standard","has-post-thumbnail","hentry","category-geral"],"views":1274,"_links":{"self":[{"href":"https:\/\/www.sudoestehoje.com.br\/novoportal\/wp-json\/wp\/v2\/posts\/72774","targetHints":{"allow":["GET"]}}],"collection":[{"href":"https:\/\/www.sudoestehoje.com.br\/novoportal\/wp-json\/wp\/v2\/posts"}],"about":[{"href":"https:\/\/www.sudoestehoje.com.br\/novoportal\/wp-json\/wp\/v2\/types\/post"}],"author":[{"embeddable":true,"href":"https:\/\/www.sudoestehoje.com.br\/novoportal\/wp-json\/wp\/v2\/users\/2"}],"replies":[{"embeddable":true,"href":"https:\/\/www.sudoestehoje.com.br\/novoportal\/wp-json\/wp\/v2\/comments?post=72774"}],"version-history":[{"count":1,"href":"https:\/\/www.sudoestehoje.com.br\/novoportal\/wp-json\/wp\/v2\/posts\/72774\/revisions"}],"predecessor-version":[{"id":72776,"href":"https:\/\/www.sudoestehoje.com.br\/novoportal\/wp-json\/wp\/v2\/posts\/72774\/revisions\/72776"}],"wp:featuredmedia":[{"embeddable":true,"href":"https:\/\/www.sudoestehoje.com.br\/novoportal\/wp-json\/wp\/v2\/media\/72775"}],"wp:attachment":[{"href":"https:\/\/www.sudoestehoje.com.br\/novoportal\/wp-json\/wp\/v2\/media?parent=72774"}],"wp:term":[{"taxonomy":"category","embeddable":true,"href":"https:\/\/www.sudoestehoje.com.br\/novoportal\/wp-json\/wp\/v2\/categories?post=72774"},{"taxonomy":"post_tag","embeddable":true,"href":"https:\/\/www.sudoestehoje.com.br\/novoportal\/wp-json\/wp\/v2\/tags?post=72774"}],"curies":[{"name":"wp","href":"https:\/\/api.w.org\/{rel}","templated":true}]}}