
{"id":72761,"date":"2018-06-11T22:36:52","date_gmt":"2018-06-12T01:36:52","guid":{"rendered":"http:\/\/www.sudoestehoje.com.br\/novoportal\/?p=72761"},"modified":"2018-06-11T22:36:52","modified_gmt":"2018-06-12T01:36:52","slug":"bahia-tem-vagas-em-216-cursos-no-sisu-inscricoes-comecam-nesta-terca","status":"publish","type":"post","link":"https:\/\/www.sudoestehoje.com.br\/novoportal\/2018\/06\/11\/bahia-tem-vagas-em-216-cursos-no-sisu-inscricoes-comecam-nesta-terca\/","title":{"rendered":"BAHIA TEM VAGAS EM 216 CURSOS NO SISU; INSCRI\u00c7\u00d5ES COME\u00c7AM NESTA TER\u00c7A"},"content":{"rendered":"<div class=\"mc-column content-text active-extra-styles active-capital-letter\" data-block-type=\"unstyled\" data-block-weight=\"39\" data-block-id=\"2\">\n<p class=\"content-text__container theme-color-primary-first-letter\" data-track-category=\"Link no Texto\" data-track-links=\"\"><a href=\"http:\/\/www.sudoestehoje.com.br\/novoportal\/wp-content\/uploads\/2018\/06\/UESB.jpg\"><img loading=\"lazy\" decoding=\"async\" class=\"aligncenter size-medium wp-image-72763\" src=\"http:\/\/www.sudoestehoje.com.br\/novoportal\/wp-content\/uploads\/2018\/06\/UESB-500x321.jpg\" alt=\"\" width=\"500\" height=\"321\" srcset=\"https:\/\/www.sudoestehoje.com.br\/novoportal\/wp-content\/uploads\/2018\/06\/UESB-500x321.jpg 500w, https:\/\/www.sudoestehoje.com.br\/novoportal\/wp-content\/uploads\/2018\/06\/UESB.jpg 700w\" sizes=\"auto, (max-width: 500px) 100vw, 500px\" \/><\/a><\/p>\n<p class=\"content-text__container theme-color-primary-first-letter\" data-track-category=\"Link no Texto\" data-track-links=\"\">Bahia ter\u00e1 vagas em 216 cursos de de n\u00edvel superior, em institui\u00e7\u00f5es p\u00fablicas do estado, pelo Sistema de Sele\u00e7\u00e3o Unificada (Sisu), segundo o Minist\u00e9rio da Educa\u00e7\u00e3o. As inscri\u00e7\u00f5es come\u00e7am na ter\u00e7a-feira (12) e v\u00e3o at\u00e9 a sexta (15).<\/p>\n<\/div>\n<div class=\"wall\">\n<div class=\"mc-column content-text active-extra-styles \" data-block-type=\"unstyled\" data-block-weight=\"12\" data-block-id=\"3\">\n<p class=\"content-text__container \" data-track-category=\"Link no Texto\" data-track-links=\"\">Segundo o Minist\u00e9rio da Educa\u00e7\u00e3o, na Bahia, 34 cidades ter\u00e3o vagas ofertadas.<\/p>\n<\/div>\n<div class=\"mc-column content-text active-extra-styles \" data-block-type=\"unstyled\" data-block-weight=\"41\" data-block-id=\"4\">\n<p class=\"content-text__container \" data-track-category=\"Link no Texto\" data-track-links=\"\">Para se inscrever, o estudante precisa ter ter feito o Exame Nacional do Ensino M\u00e9dio (Enem) em 2017 e ter obtido nota acima de zero em reda\u00e7\u00e3o.\u00a0<a href=\"http:\/\/www.sisu.mec.gov.br\/\" target=\"_blank\" rel=\"noopener noreferrer\">Todo o processo de inscri\u00e7\u00e3o \u00e9 feito exclusivamente pela internet, na p\u00e1gina do Sisu.<\/a><\/p>\n<\/div>\n<div class=\"mc-column content-text active-extra-styles \" data-block-type=\"unstyled\" data-block-weight=\"40\" data-block-id=\"5\">\n<p class=\"content-text__container \" data-track-category=\"Link no Texto\" data-track-links=\"\">O resultado da chamada regular est\u00e1 previsto para o dia 18 de junho. O per\u00edodo de matr\u00edcula vai de 22 at\u00e9 28 de junho e o prazo para participar da lista de espera \u00e9 de 22 a 27 de junho.<\/p>\n<\/div>\n<div class=\"mc-column content-text active-extra-styles \" data-block-type=\"unstyled\" data-block-weight=\"6\" data-block-id=\"6\">\n<p class=\"content-text__container \" data-track-category=\"Link no Texto\" data-track-links=\"\"><strong>Confira a lista das universidades participantes:<\/strong><\/p>\n<p class=\"content-text__container \" data-track-category=\"Link no Texto\" data-track-links=\"\">Universidade do Estado da Bahia (Uneb) &#8211; 88<\/p>\n<\/div>\n<div class=\"mc-column content-text active-extra-styles \" data-block-type=\"unstyled\" data-block-weight=\"9\" data-block-id=\"8\">\n<p class=\"content-text__container \" data-track-category=\"Link no Texto\" data-track-links=\"\">Universidade Federal do Rec\u00f4ncavo da Bahia (UFRB) &#8211; 39<\/p>\n<\/div>\n<div class=\"mc-column content-text active-extra-styles \" data-block-type=\"unstyled\" data-block-weight=\"7\" data-block-id=\"9\">\n<p class=\"content-text__container \" data-track-category=\"Link no Texto\" data-track-links=\"\">Universidade Federal da Bahia (Ufba) &#8211; 36<\/p>\n<\/div>\n<div class=\"mc-column content-text active-extra-styles \" data-block-type=\"unstyled\" data-block-weight=\"12\" data-block-id=\"10\">\n<p class=\"content-text__container \" data-track-category=\"Link no Texto\" data-track-links=\"\">Instituto Federal de Educa\u00e7\u00e3o, Ci\u00eancia e Tecnologia da Bahia (Ifba) &#8211; 25<\/p>\n<\/div>\n<div class=\"mc-column content-text active-extra-styles \" data-block-type=\"unstyled\" data-block-weight=\"9\" data-block-id=\"11\">\n<p class=\"content-text__container \" data-track-category=\"Link no Texto\" data-track-links=\"\">Universidade Estadual do Sudoeste da Bahia (Uesb) &#8211; 23<\/p>\n<\/div>\n<div class=\"mc-column content-text active-extra-styles \" data-block-type=\"unstyled\" data-block-weight=\"11\" data-block-id=\"12\">\n<p class=\"content-text__container \" data-track-category=\"Link no Texto\" data-track-links=\"\">Instituto Federal de Educa\u00e7\u00e3o, Ci\u00eancia e Tecnologia Baiano (Ifbaiano) &#8211; 4<\/p>\n<\/div>\n<div class=\"mc-column content-text active-extra-styles \" data-block-type=\"unstyled\" data-block-weight=\"9\" data-block-id=\"13\">\n<p class=\"content-text__container \" data-track-category=\"Link no Texto\" data-track-links=\"\">Universidade Federal do Oeste da Bahia (Ufob) &#8211; 1<\/p>\n<\/div>\n<div class=\"mc-column content-text active-extra-styles \" data-block-type=\"unstyled\" data-block-weight=\"9\" data-block-id=\"14\"><\/div>\n<\/div>\n","protected":false},"excerpt":{"rendered":"<p>Bahia ter\u00e1 vagas em 216 cursos de de n\u00edvel superior, em institui\u00e7\u00f5es p\u00fablicas do estado, pelo Sistema de Sele\u00e7\u00e3o Unificada (Sisu), segundo o Minist\u00e9rio da Educa\u00e7\u00e3o. As inscri\u00e7\u00f5es come\u00e7am na ter\u00e7a-feira (12) e v\u00e3o at\u00e9 a sexta (15). Segundo o Minist\u00e9rio da Educa\u00e7\u00e3o, na Bahia, 34 cidades ter\u00e3o vagas ofertadas. Para se inscrever, o estudante [&hellip;]<\/p>\n","protected":false},"author":2,"featured_media":72763,"comment_status":"open","ping_status":"open","sticky":false,"template":"","format":"standard","meta":{"footnotes":"","_links_to":"","_links_to_target":""},"categories":[1],"tags":[],"class_list":["post-72761","post","type-post","status-publish","format-standard","has-post-thumbnail","hentry","category-geral"],"views":1094,"_links":{"self":[{"href":"https:\/\/www.sudoestehoje.com.br\/novoportal\/wp-json\/wp\/v2\/posts\/72761","targetHints":{"allow":["GET"]}}],"collection":[{"href":"https:\/\/www.sudoestehoje.com.br\/novoportal\/wp-json\/wp\/v2\/posts"}],"about":[{"href":"https:\/\/www.sudoestehoje.com.br\/novoportal\/wp-json\/wp\/v2\/types\/post"}],"author":[{"embeddable":true,"href":"https:\/\/www.sudoestehoje.com.br\/novoportal\/wp-json\/wp\/v2\/users\/2"}],"replies":[{"embeddable":true,"href":"https:\/\/www.sudoestehoje.com.br\/novoportal\/wp-json\/wp\/v2\/comments?post=72761"}],"version-history":[{"count":2,"href":"https:\/\/www.sudoestehoje.com.br\/novoportal\/wp-json\/wp\/v2\/posts\/72761\/revisions"}],"predecessor-version":[{"id":72764,"href":"https:\/\/www.sudoestehoje.com.br\/novoportal\/wp-json\/wp\/v2\/posts\/72761\/revisions\/72764"}],"wp:featuredmedia":[{"embeddable":true,"href":"https:\/\/www.sudoestehoje.com.br\/novoportal\/wp-json\/wp\/v2\/media\/72763"}],"wp:attachment":[{"href":"https:\/\/www.sudoestehoje.com.br\/novoportal\/wp-json\/wp\/v2\/media?parent=72761"}],"wp:term":[{"taxonomy":"category","embeddable":true,"href":"https:\/\/www.sudoestehoje.com.br\/novoportal\/wp-json\/wp\/v2\/categories?post=72761"},{"taxonomy":"post_tag","embeddable":true,"href":"https:\/\/www.sudoestehoje.com.br\/novoportal\/wp-json\/wp\/v2\/tags?post=72761"}],"curies":[{"name":"wp","href":"https:\/\/api.w.org\/{rel}","templated":true}]}}