
{"id":72757,"date":"2018-06-10T23:36:38","date_gmt":"2018-06-11T02:36:38","guid":{"rendered":"http:\/\/www.sudoestehoje.com.br\/novoportal\/?p=72757"},"modified":"2018-06-11T00:02:21","modified_gmt":"2018-06-11T03:02:21","slug":"segunda-semana-do-forro-dos-bairros-esquenta-o-clima-junino-em-caatiba","status":"publish","type":"post","link":"https:\/\/www.sudoestehoje.com.br\/novoportal\/2018\/06\/10\/segunda-semana-do-forro-dos-bairros-esquenta-o-clima-junino-em-caatiba\/","title":{"rendered":"SEGUNDA SEMANA DO FORR\u00d3 DOS BAIRROS ESQUENTA O CLIMA JUNINO EM CAATIBA"},"content":{"rendered":"<p><a href=\"http:\/\/www.sudoestehoje.com.br\/novoportal\/wp-content\/uploads\/2018\/06\/caatiba-forr\u00f3.jpg\"><img loading=\"lazy\" decoding=\"async\" class=\"aligncenter size-medium wp-image-72758\" src=\"http:\/\/www.sudoestehoje.com.br\/novoportal\/wp-content\/uploads\/2018\/06\/caatiba-forr\u00f3-500x441.jpg\" alt=\"\" width=\"500\" height=\"441\" srcset=\"https:\/\/www.sudoestehoje.com.br\/novoportal\/wp-content\/uploads\/2018\/06\/caatiba-forr\u00f3-500x441.jpg 500w, https:\/\/www.sudoestehoje.com.br\/novoportal\/wp-content\/uploads\/2018\/06\/caatiba-forr\u00f3-768x677.jpg 768w, https:\/\/www.sudoestehoje.com.br\/novoportal\/wp-content\/uploads\/2018\/06\/caatiba-forr\u00f3-700x617.jpg 700w, https:\/\/www.sudoestehoje.com.br\/novoportal\/wp-content\/uploads\/2018\/06\/caatiba-forr\u00f3.jpg 960w\" sizes=\"auto, (max-width: 500px) 100vw, 500px\" \/><\/a><\/p>\n<p>Neste s\u00e1bado (9), a prefeitura municipal de Caatiba realizou a segunda semana do tradicional forr\u00f3 dos bairros. O clima de festa junina atraiu um diversificado p\u00fablico, que foi animado por artistas da terra e convidados, que garantiram uma noite de muito forr\u00f3, dando uma perspectiva bastante positiva para as programa\u00e7\u00f5es consecutivas para este m\u00eas de Junho.<\/p>\n<p>A Pra\u00e7a Nestor Sousa, local do evento, recebeu um grande n\u00famero de fam\u00edlias que se divertiu com muita tranquilidade, sem registros de nenhum incidente que tirasse o brilho do organizado evento.<\/p>\n<p>A prefeita do munic\u00edpio, T\u00e2nia Ribeiro, esteve no circuito da festa cumprimentando o p\u00fablico presente, onde foi recebida de maneira muito calorosa por todos.<\/p>\n<p>Mostrando muita alegria para as comemora\u00e7\u00f5es juninas, a prefeita tem evidenciado seu compromisso em manter as comemora\u00e7\u00f5es para a festa mais esperada pelos caatibenses. <em>\u201cNosso maior objetivo \u00e9 proporcionar a nossa comunidade dias de divers\u00e3o e entretenimento. Estamos realizando os festejos Juninos com muita cautela e prud\u00eancia, mas, sobretudo, nos esfor\u00e7ando para manter a tradi\u00e7\u00e3o para as festas de S\u00e3o Jo\u00e3o em nossa cidade\u201d<\/em>, observou a Prefeita. \/\/<em>Ascom<\/em><em> Caatiba<\/em><\/p>\n","protected":false},"excerpt":{"rendered":"<p>Neste s\u00e1bado (9), a prefeitura municipal de Caatiba realizou a segunda semana do tradicional forr\u00f3 dos bairros. O clima de festa junina atraiu um diversificado p\u00fablico, que foi animado por artistas da terra e convidados, que garantiram uma noite de muito forr\u00f3, dando uma perspectiva bastante positiva para as programa\u00e7\u00f5es consecutivas para este m\u00eas de [&hellip;]<\/p>\n","protected":false},"author":2,"featured_media":72758,"comment_status":"open","ping_status":"open","sticky":false,"template":"","format":"standard","meta":{"footnotes":"","_links_to":"","_links_to_target":""},"categories":[1],"tags":[],"class_list":["post-72757","post","type-post","status-publish","format-standard","has-post-thumbnail","hentry","category-geral"],"views":1254,"_links":{"self":[{"href":"https:\/\/www.sudoestehoje.com.br\/novoportal\/wp-json\/wp\/v2\/posts\/72757","targetHints":{"allow":["GET"]}}],"collection":[{"href":"https:\/\/www.sudoestehoje.com.br\/novoportal\/wp-json\/wp\/v2\/posts"}],"about":[{"href":"https:\/\/www.sudoestehoje.com.br\/novoportal\/wp-json\/wp\/v2\/types\/post"}],"author":[{"embeddable":true,"href":"https:\/\/www.sudoestehoje.com.br\/novoportal\/wp-json\/wp\/v2\/users\/2"}],"replies":[{"embeddable":true,"href":"https:\/\/www.sudoestehoje.com.br\/novoportal\/wp-json\/wp\/v2\/comments?post=72757"}],"version-history":[{"count":2,"href":"https:\/\/www.sudoestehoje.com.br\/novoportal\/wp-json\/wp\/v2\/posts\/72757\/revisions"}],"predecessor-version":[{"id":72760,"href":"https:\/\/www.sudoestehoje.com.br\/novoportal\/wp-json\/wp\/v2\/posts\/72757\/revisions\/72760"}],"wp:featuredmedia":[{"embeddable":true,"href":"https:\/\/www.sudoestehoje.com.br\/novoportal\/wp-json\/wp\/v2\/media\/72758"}],"wp:attachment":[{"href":"https:\/\/www.sudoestehoje.com.br\/novoportal\/wp-json\/wp\/v2\/media?parent=72757"}],"wp:term":[{"taxonomy":"category","embeddable":true,"href":"https:\/\/www.sudoestehoje.com.br\/novoportal\/wp-json\/wp\/v2\/categories?post=72757"},{"taxonomy":"post_tag","embeddable":true,"href":"https:\/\/www.sudoestehoje.com.br\/novoportal\/wp-json\/wp\/v2\/tags?post=72757"}],"curies":[{"name":"wp","href":"https:\/\/api.w.org\/{rel}","templated":true}]}}