
{"id":72746,"date":"2018-06-10T14:59:05","date_gmt":"2018-06-10T17:59:05","guid":{"rendered":"http:\/\/www.sudoestehoje.com.br\/novoportal\/?p=72746"},"modified":"2018-06-10T14:59:42","modified_gmt":"2018-06-10T17:59:42","slug":"collor-e-lula-sao-os-mais-rejeitados","status":"publish","type":"post","link":"https:\/\/www.sudoestehoje.com.br\/novoportal\/2018\/06\/10\/collor-e-lula-sao-os-mais-rejeitados\/","title":{"rendered":"COLLOR E LULA S\u00c3O OS MAIS REJEITADOS"},"content":{"rendered":"<p><a href=\"http:\/\/www.sudoestehoje.com.br\/novoportal\/wp-content\/uploads\/2018\/06\/LULA-E-COLLOR.jpg\"><img loading=\"lazy\" decoding=\"async\" class=\"aligncenter size-medium wp-image-72747\" src=\"http:\/\/www.sudoestehoje.com.br\/novoportal\/wp-content\/uploads\/2018\/06\/LULA-E-COLLOR-500x281.jpg\" alt=\"\" width=\"500\" height=\"281\" srcset=\"https:\/\/www.sudoestehoje.com.br\/novoportal\/wp-content\/uploads\/2018\/06\/LULA-E-COLLOR-500x281.jpg 500w, https:\/\/www.sudoestehoje.com.br\/novoportal\/wp-content\/uploads\/2018\/06\/LULA-E-COLLOR-768x431.jpg 768w, https:\/\/www.sudoestehoje.com.br\/novoportal\/wp-content\/uploads\/2018\/06\/LULA-E-COLLOR-700x393.jpg 700w, https:\/\/www.sudoestehoje.com.br\/novoportal\/wp-content\/uploads\/2018\/06\/LULA-E-COLLOR.jpg 890w\" sizes=\"auto, (max-width: 500px) 100vw, 500px\" \/><\/a><\/p>\n<p>Os ex-presidentes Fernando Collor (PTC) e Luiz In\u00e1cio Lula da Silva (PT) s\u00e3o os candidatos \u00e0\u00a0Presid\u00eancia da Rep\u00fablica com maior n\u00famero de rejei\u00e7\u00e3o entre os eleitores. As informa\u00e7\u00f5es s\u00e3o da pesquisa Datafolha\u00a0divulgada pelo jornal Folha de S. Paulo neste domingo (10).<\/p>\n<p>Segundo o levantamento, os ex-presidentes Fernando Collor (PTC) e Luiz In\u00e1cio Lula da Silva (PT), e o deputado Jair Bolsonaro (PSL) s\u00e3o os que \u201clideram\u201d o ranking.<\/p>\n<p>Ao todo, 39% dos entrevistados disseram que n\u00e3o votariam em Collor, seguido por 36% que rejeitam o nome de Lula, e 32% que descartam votar no pr\u00e9-candidato do PSL.<\/p>\n<p>Antes de desistir da candidatura, o presidente Michel Temer (MDB), ocupava o primeiro lugar da rejei\u00e7\u00e3o dos eleitores com 64%.<\/p>\n<p>Al\u00e9m disso, o ex-governador de S\u00e3o Paulo Geraldo Alckmin (PSDB) era rejeitado por 29%. Agora, \u00e9 rejeitado\u00a0por 27%.\u00a0A ex-senadora Marina Silva (Rede) viu o \u00edndice de rejei\u00e7\u00e3o crescer de 22% para 24%. As oscila\u00e7\u00f5es tanto do trio quanto dos outros pr\u00e9-candidatos foram dentro da margem de erro\u00a0de dois pontos percentuais\u00a0para mais ou para menos. \/\/<em>Boc\u00e3o<\/em><\/p>\n","protected":false},"excerpt":{"rendered":"<p>Os ex-presidentes Fernando Collor (PTC) e Luiz In\u00e1cio Lula da Silva (PT) s\u00e3o os candidatos \u00e0\u00a0Presid\u00eancia da Rep\u00fablica com maior n\u00famero de rejei\u00e7\u00e3o entre os eleitores. As informa\u00e7\u00f5es s\u00e3o da pesquisa Datafolha\u00a0divulgada pelo jornal Folha de S. Paulo neste domingo (10). Segundo o levantamento, os ex-presidentes Fernando Collor (PTC) e Luiz In\u00e1cio Lula da Silva [&hellip;]<\/p>\n","protected":false},"author":2,"featured_media":72747,"comment_status":"open","ping_status":"open","sticky":false,"template":"","format":"standard","meta":{"footnotes":"","_links_to":"","_links_to_target":""},"categories":[1],"tags":[],"class_list":["post-72746","post","type-post","status-publish","format-standard","has-post-thumbnail","hentry","category-geral"],"views":1222,"_links":{"self":[{"href":"https:\/\/www.sudoestehoje.com.br\/novoportal\/wp-json\/wp\/v2\/posts\/72746","targetHints":{"allow":["GET"]}}],"collection":[{"href":"https:\/\/www.sudoestehoje.com.br\/novoportal\/wp-json\/wp\/v2\/posts"}],"about":[{"href":"https:\/\/www.sudoestehoje.com.br\/novoportal\/wp-json\/wp\/v2\/types\/post"}],"author":[{"embeddable":true,"href":"https:\/\/www.sudoestehoje.com.br\/novoportal\/wp-json\/wp\/v2\/users\/2"}],"replies":[{"embeddable":true,"href":"https:\/\/www.sudoestehoje.com.br\/novoportal\/wp-json\/wp\/v2\/comments?post=72746"}],"version-history":[{"count":3,"href":"https:\/\/www.sudoestehoje.com.br\/novoportal\/wp-json\/wp\/v2\/posts\/72746\/revisions"}],"predecessor-version":[{"id":72750,"href":"https:\/\/www.sudoestehoje.com.br\/novoportal\/wp-json\/wp\/v2\/posts\/72746\/revisions\/72750"}],"wp:featuredmedia":[{"embeddable":true,"href":"https:\/\/www.sudoestehoje.com.br\/novoportal\/wp-json\/wp\/v2\/media\/72747"}],"wp:attachment":[{"href":"https:\/\/www.sudoestehoje.com.br\/novoportal\/wp-json\/wp\/v2\/media?parent=72746"}],"wp:term":[{"taxonomy":"category","embeddable":true,"href":"https:\/\/www.sudoestehoje.com.br\/novoportal\/wp-json\/wp\/v2\/categories?post=72746"},{"taxonomy":"post_tag","embeddable":true,"href":"https:\/\/www.sudoestehoje.com.br\/novoportal\/wp-json\/wp\/v2\/tags?post=72746"}],"curies":[{"name":"wp","href":"https:\/\/api.w.org\/{rel}","templated":true}]}}