
{"id":72743,"date":"2018-06-10T14:42:52","date_gmt":"2018-06-10T17:42:52","guid":{"rendered":"http:\/\/www.sudoestehoje.com.br\/novoportal\/?p=72743"},"modified":"2018-06-10T14:42:52","modified_gmt":"2018-06-10T17:42:52","slug":"pesquisa-datafolha-aponta-lula-com-30-bolsonaro-com-17-e-marina-com-10","status":"publish","type":"post","link":"https:\/\/www.sudoestehoje.com.br\/novoportal\/2018\/06\/10\/pesquisa-datafolha-aponta-lula-com-30-bolsonaro-com-17-e-marina-com-10\/","title":{"rendered":"PESQUISA DATAFOLHA APONTA LULA COM 30%, BOLSONARO COM 17% E MARINA COM 10%"},"content":{"rendered":"<p><a href=\"http:\/\/www.sudoestehoje.com.br\/novoportal\/wp-content\/uploads\/2018\/06\/Lula-Bolsonaro-Marina-e1528641450824.jpg\"><img loading=\"lazy\" decoding=\"async\" class=\"aligncenter size-medium wp-image-72744\" src=\"http:\/\/www.sudoestehoje.com.br\/novoportal\/wp-content\/uploads\/2018\/06\/Lula-Bolsonaro-Marina-e1528641450824-500x281.jpg\" alt=\"\" width=\"500\" height=\"281\" srcset=\"https:\/\/www.sudoestehoje.com.br\/novoportal\/wp-content\/uploads\/2018\/06\/Lula-Bolsonaro-Marina-e1528641450824-500x281.jpg 500w, https:\/\/www.sudoestehoje.com.br\/novoportal\/wp-content\/uploads\/2018\/06\/Lula-Bolsonaro-Marina-e1528641450824-768x432.jpg 768w, https:\/\/www.sudoestehoje.com.br\/novoportal\/wp-content\/uploads\/2018\/06\/Lula-Bolsonaro-Marina-e1528641450824-700x393.jpg 700w, https:\/\/www.sudoestehoje.com.br\/novoportal\/wp-content\/uploads\/2018\/06\/Lula-Bolsonaro-Marina-e1528641450824.jpg 1000w\" sizes=\"auto, (max-width: 500px) 100vw, 500px\" \/><\/a><\/p>\n<p>O Instituto Datafolha fez uma nova pesquisa de inten\u00e7\u00e3o de voto para a elei\u00e7\u00e3o presidencial deste ano, conforme divulgada neste domingo (10) pelo jornal Folha de S.Paulo. A margem de erro \u00e9 de 2 pontos percentuais para mais ou para menos.<\/p>\n<p>Em um dos cen\u00e1rios, Lula foi considerado como candidato. No resultado, o petista preso por corrup\u00e7\u00e3o e lavagem de dinheiro aparece em primeiro lugar, com 30% das inten\u00e7\u00f5es de voto. Em seguida, est\u00e3o os presidenci\u00e1veis Jair Bolsonaro, com 17%, e Marina Silva, com 10%. Geraldo Alckmin e Ciro Gomes aparecem logo em seguida, com 6% cada. Do total de entrevistados, 21% dizem n\u00e3o ter um candidato para a presid\u00eancia.<\/p>\n<p>Os entrevistados responderam ainda sobre a influ\u00eancia que figuras pol\u00edticas exerceriam sobre a escolha \u00e0 presid\u00eancia. Segundo a pesquisa, 30% dizem que votariam em um candidato indicado por Lula. J\u00e1 17% dizem que \u201ctalvez\u201d votariam em candidato indicado por Lula. A maioria dos entrevistados, 51%, dizem que rejeitariam o candidato indicado por Lula.<\/p>\n<p>A influ\u00eancia de Fernando Henrique Cardoso e Michel Temer tamb\u00e9m foi levada em considera\u00e7\u00e3o: 65% dizem que rejeitariam candidato indicado por FHC e 92% dizem que rejeitariam candidato indicado por Michel Temer.<\/p>\n","protected":false},"excerpt":{"rendered":"<p>O Instituto Datafolha fez uma nova pesquisa de inten\u00e7\u00e3o de voto para a elei\u00e7\u00e3o presidencial deste ano, conforme divulgada neste domingo (10) pelo jornal Folha de S.Paulo. A margem de erro \u00e9 de 2 pontos percentuais para mais ou para menos. Em um dos cen\u00e1rios, Lula foi considerado como candidato. No resultado, o petista preso [&hellip;]<\/p>\n","protected":false},"author":2,"featured_media":72744,"comment_status":"open","ping_status":"open","sticky":false,"template":"","format":"standard","meta":{"footnotes":"","_links_to":"","_links_to_target":""},"categories":[1],"tags":[],"class_list":["post-72743","post","type-post","status-publish","format-standard","has-post-thumbnail","hentry","category-geral"],"views":1216,"_links":{"self":[{"href":"https:\/\/www.sudoestehoje.com.br\/novoportal\/wp-json\/wp\/v2\/posts\/72743","targetHints":{"allow":["GET"]}}],"collection":[{"href":"https:\/\/www.sudoestehoje.com.br\/novoportal\/wp-json\/wp\/v2\/posts"}],"about":[{"href":"https:\/\/www.sudoestehoje.com.br\/novoportal\/wp-json\/wp\/v2\/types\/post"}],"author":[{"embeddable":true,"href":"https:\/\/www.sudoestehoje.com.br\/novoportal\/wp-json\/wp\/v2\/users\/2"}],"replies":[{"embeddable":true,"href":"https:\/\/www.sudoestehoje.com.br\/novoportal\/wp-json\/wp\/v2\/comments?post=72743"}],"version-history":[{"count":1,"href":"https:\/\/www.sudoestehoje.com.br\/novoportal\/wp-json\/wp\/v2\/posts\/72743\/revisions"}],"predecessor-version":[{"id":72745,"href":"https:\/\/www.sudoestehoje.com.br\/novoportal\/wp-json\/wp\/v2\/posts\/72743\/revisions\/72745"}],"wp:featuredmedia":[{"embeddable":true,"href":"https:\/\/www.sudoestehoje.com.br\/novoportal\/wp-json\/wp\/v2\/media\/72744"}],"wp:attachment":[{"href":"https:\/\/www.sudoestehoje.com.br\/novoportal\/wp-json\/wp\/v2\/media?parent=72743"}],"wp:term":[{"taxonomy":"category","embeddable":true,"href":"https:\/\/www.sudoestehoje.com.br\/novoportal\/wp-json\/wp\/v2\/categories?post=72743"},{"taxonomy":"post_tag","embeddable":true,"href":"https:\/\/www.sudoestehoje.com.br\/novoportal\/wp-json\/wp\/v2\/tags?post=72743"}],"curies":[{"name":"wp","href":"https:\/\/api.w.org\/{rel}","templated":true}]}}