
{"id":72735,"date":"2018-06-08T23:42:10","date_gmt":"2018-06-09T02:42:10","guid":{"rendered":"http:\/\/www.sudoestehoje.com.br\/novoportal\/?p=72735"},"modified":"2018-06-08T23:42:48","modified_gmt":"2018-06-09T02:42:48","slug":"rodrigo-confirma-nomeacao-de-wildeberg-para-administracao-de-bandeira-do-colonia","status":"publish","type":"post","link":"https:\/\/www.sudoestehoje.com.br\/novoportal\/2018\/06\/08\/rodrigo-confirma-nomeacao-de-wildeberg-para-administracao-de-bandeira-do-colonia\/","title":{"rendered":"RODRIGO CONFIRMA NOMEA\u00c7\u00c3O DE WILDEBERG PARA ADMINISTRA\u00c7\u00c3O DE BANDEIRA DO COL\u00d4NIA"},"content":{"rendered":"<p><a href=\"http:\/\/www.sudoestehoje.com.br\/novoportal\/wp-content\/uploads\/2018\/06\/Wildeberg-1.jpg\"><img loading=\"lazy\" decoding=\"async\" class=\"aligncenter size-medium wp-image-72739\" src=\"http:\/\/www.sudoestehoje.com.br\/novoportal\/wp-content\/uploads\/2018\/06\/Wildeberg-1-500x375.jpg\" alt=\"\" width=\"500\" height=\"375\" srcset=\"https:\/\/www.sudoestehoje.com.br\/novoportal\/wp-content\/uploads\/2018\/06\/Wildeberg-1-500x375.jpg 500w, https:\/\/www.sudoestehoje.com.br\/novoportal\/wp-content\/uploads\/2018\/06\/Wildeberg-1.jpg 640w\" sizes=\"auto, (max-width: 500px) 100vw, 500px\" \/><\/a><\/p>\n<p>ITAPETINGA &#8211; Com a sa\u00edda de Ant\u00f4nio do Hospital do cargo de Administrador Distrital de Bandeira do Col\u00f4nia, o prefeito Rodrigo Hagge convidou Wildeberg Rodrigues para assumir o cargo, a pedido dos moradores do distrito.<\/p>\n<p>Em contato com o Sudoeste Hoje, Rodrigo confirmou a informa\u00e7\u00e3o que j\u00e1 corre nos bastidores pol\u00edticos, afirmando que a nomea\u00e7\u00e3o do emedebista deve ser publicada no Di\u00e1rio Oficial do Munic\u00edpio a qualquer momento.<\/p>\n<p>Wildeberg \u00e9 psic\u00f3logo e pertence a uma fam\u00edlia de pol\u00edticos tradicionais em Bandeira do Col\u00f4nia.<\/p>\n<p><strong><em>Reda\u00e7\u00e3o\u00a0<\/em><\/strong><\/p>\n","protected":false},"excerpt":{"rendered":"<p>ITAPETINGA &#8211; Com a sa\u00edda de Ant\u00f4nio do Hospital do cargo de Administrador Distrital de Bandeira do Col\u00f4nia, o prefeito Rodrigo Hagge convidou Wildeberg Rodrigues para assumir o cargo, a pedido dos moradores do distrito. Em contato com o Sudoeste Hoje, Rodrigo confirmou a informa\u00e7\u00e3o que j\u00e1 corre nos bastidores pol\u00edticos, afirmando que a nomea\u00e7\u00e3o [&hellip;]<\/p>\n","protected":false},"author":2,"featured_media":72739,"comment_status":"open","ping_status":"open","sticky":false,"template":"","format":"standard","meta":{"footnotes":"","_links_to":"","_links_to_target":""},"categories":[1],"tags":[],"class_list":["post-72735","post","type-post","status-publish","format-standard","has-post-thumbnail","hentry","category-geral"],"views":1305,"_links":{"self":[{"href":"https:\/\/www.sudoestehoje.com.br\/novoportal\/wp-json\/wp\/v2\/posts\/72735","targetHints":{"allow":["GET"]}}],"collection":[{"href":"https:\/\/www.sudoestehoje.com.br\/novoportal\/wp-json\/wp\/v2\/posts"}],"about":[{"href":"https:\/\/www.sudoestehoje.com.br\/novoportal\/wp-json\/wp\/v2\/types\/post"}],"author":[{"embeddable":true,"href":"https:\/\/www.sudoestehoje.com.br\/novoportal\/wp-json\/wp\/v2\/users\/2"}],"replies":[{"embeddable":true,"href":"https:\/\/www.sudoestehoje.com.br\/novoportal\/wp-json\/wp\/v2\/comments?post=72735"}],"version-history":[{"count":4,"href":"https:\/\/www.sudoestehoje.com.br\/novoportal\/wp-json\/wp\/v2\/posts\/72735\/revisions"}],"predecessor-version":[{"id":72741,"href":"https:\/\/www.sudoestehoje.com.br\/novoportal\/wp-json\/wp\/v2\/posts\/72735\/revisions\/72741"}],"wp:featuredmedia":[{"embeddable":true,"href":"https:\/\/www.sudoestehoje.com.br\/novoportal\/wp-json\/wp\/v2\/media\/72739"}],"wp:attachment":[{"href":"https:\/\/www.sudoestehoje.com.br\/novoportal\/wp-json\/wp\/v2\/media?parent=72735"}],"wp:term":[{"taxonomy":"category","embeddable":true,"href":"https:\/\/www.sudoestehoje.com.br\/novoportal\/wp-json\/wp\/v2\/categories?post=72735"},{"taxonomy":"post_tag","embeddable":true,"href":"https:\/\/www.sudoestehoje.com.br\/novoportal\/wp-json\/wp\/v2\/tags?post=72735"}],"curies":[{"name":"wp","href":"https:\/\/api.w.org\/{rel}","templated":true}]}}