
{"id":72726,"date":"2018-06-08T18:33:57","date_gmt":"2018-06-08T21:33:57","guid":{"rendered":"http:\/\/www.sudoestehoje.com.br\/novoportal\/?p=72726"},"modified":"2018-06-08T18:33:57","modified_gmt":"2018-06-08T21:33:57","slug":"salvador-ladrao-tenta-assaltar-onibus-que-ja-estava-sendo-roubado-e-os-dois-apanham-de-passageiros","status":"publish","type":"post","link":"https:\/\/www.sudoestehoje.com.br\/novoportal\/2018\/06\/08\/salvador-ladrao-tenta-assaltar-onibus-que-ja-estava-sendo-roubado-e-os-dois-apanham-de-passageiros\/","title":{"rendered":"SALVADOR: LADR\u00c3O TENTA ASSALTAR \u00d4NIBUS QUE J\u00c1 ESTAVA SENDO ROUBADO E OS DOIS APANHAM DE PASSAGEIROS"},"content":{"rendered":"<div class=\"mc-column content-text active-extra-styles active-capital-letter\" data-block-type=\"unstyled\" data-block-weight=\"35\" data-block-id=\"2\">\n<p class=\"content-text__container theme-color-primary-first-letter\" data-track-category=\"Link no Texto\" data-track-links=\"\"><a href=\"http:\/\/www.sudoestehoje.com.br\/novoportal\/wp-content\/uploads\/2018\/06\/ASSALTO.jpg\"><img loading=\"lazy\" decoding=\"async\" class=\"aligncenter size-medium wp-image-72729\" src=\"http:\/\/www.sudoestehoje.com.br\/novoportal\/wp-content\/uploads\/2018\/06\/ASSALTO-500x313.jpg\" alt=\"\" width=\"500\" height=\"313\" srcset=\"https:\/\/www.sudoestehoje.com.br\/novoportal\/wp-content\/uploads\/2018\/06\/ASSALTO-500x313.jpg 500w, https:\/\/www.sudoestehoje.com.br\/novoportal\/wp-content\/uploads\/2018\/06\/ASSALTO.jpg 535w\" sizes=\"auto, (max-width: 500px) 100vw, 500px\" \/><\/a><\/p>\n<p class=\"content-text__container theme-color-primary-first-letter\" data-track-category=\"Link no Texto\" data-track-links=\"\">Dois homens foram agredidos por passageiros ap\u00f3s tentarem assaltar o mesmo \u00f4nibus, no Largo de Santo Ant\u00f4nio Al\u00e9m do Carmo, no Centro Hist\u00f3rico de Salvador, na manh\u00e3 desta sexta-feira (8), conforme informou a Pol\u00edcia Civil.<\/p>\n<\/div>\n<div class=\"wall\">\n<div class=\"mc-column content-text active-extra-styles \" data-block-type=\"unstyled\" data-block-weight=\"62\" data-block-id=\"3\">\n<p class=\"content-text__container \" data-track-category=\"Link no Texto\" data-track-links=\"\">De acordo com a pol\u00edcia, o caso ocorreu por volta das 11h. Os suspeitos foram identificados como Maurino dos Santos Mendes e Vanderson Oliveira da Silva. A pol\u00edcia informou que os dois n\u00e3o s\u00e3o comparsas e tentaram assaltar o \u00f4nibus em momentos diferentes. Maurino entrou primeiro. Alguns pontos depois, Vanderson entrou e tentou assaltar o coletivo que j\u00e1 era roubado por Maurino.<\/p>\n<\/div>\n<\/div>\n<div data-track-category=\"fim do conteudo\" data-track-action=\"ultimo chunk conteudo\" data-track-noninteraction=\"false\" data-track-scroll=\"entrada completa viewport\">\n<div class=\"mc-column content-text active-extra-styles \" data-block-type=\"unstyled\" data-block-weight=\"46\" data-block-id=\"4\">\n<p class=\"content-text__container \" data-track-category=\"Link no Texto\" data-track-links=\"\">Segundo informa\u00e7\u00f5es da Pol\u00edcia Civil, na confus\u00e3o, os dois acabaram agredidos pelos passageiros. Maurino foi levado pela pol\u00edcia para a 1\u00b0 Delegacia dos Barris. J\u00e1 Vanderson, foi levado, tamb\u00e9m por policiais, para o Hospital Geral do Estado (HGE). N\u00e3o h\u00e1 detalhes do estado de sa\u00fade dele.<\/p>\n<\/div>\n<\/div>\n","protected":false},"excerpt":{"rendered":"<p>Dois homens foram agredidos por passageiros ap\u00f3s tentarem assaltar o mesmo \u00f4nibus, no Largo de Santo Ant\u00f4nio Al\u00e9m do Carmo, no Centro Hist\u00f3rico de Salvador, na manh\u00e3 desta sexta-feira (8), conforme informou a Pol\u00edcia Civil. De acordo com a pol\u00edcia, o caso ocorreu por volta das 11h. Os suspeitos foram identificados como Maurino dos Santos [&hellip;]<\/p>\n","protected":false},"author":2,"featured_media":72729,"comment_status":"open","ping_status":"open","sticky":false,"template":"","format":"standard","meta":{"footnotes":"","_links_to":"","_links_to_target":""},"categories":[1],"tags":[],"class_list":["post-72726","post","type-post","status-publish","format-standard","has-post-thumbnail","hentry","category-geral"],"views":5973,"_links":{"self":[{"href":"https:\/\/www.sudoestehoje.com.br\/novoportal\/wp-json\/wp\/v2\/posts\/72726","targetHints":{"allow":["GET"]}}],"collection":[{"href":"https:\/\/www.sudoestehoje.com.br\/novoportal\/wp-json\/wp\/v2\/posts"}],"about":[{"href":"https:\/\/www.sudoestehoje.com.br\/novoportal\/wp-json\/wp\/v2\/types\/post"}],"author":[{"embeddable":true,"href":"https:\/\/www.sudoestehoje.com.br\/novoportal\/wp-json\/wp\/v2\/users\/2"}],"replies":[{"embeddable":true,"href":"https:\/\/www.sudoestehoje.com.br\/novoportal\/wp-json\/wp\/v2\/comments?post=72726"}],"version-history":[{"count":3,"href":"https:\/\/www.sudoestehoje.com.br\/novoportal\/wp-json\/wp\/v2\/posts\/72726\/revisions"}],"predecessor-version":[{"id":72730,"href":"https:\/\/www.sudoestehoje.com.br\/novoportal\/wp-json\/wp\/v2\/posts\/72726\/revisions\/72730"}],"wp:featuredmedia":[{"embeddable":true,"href":"https:\/\/www.sudoestehoje.com.br\/novoportal\/wp-json\/wp\/v2\/media\/72729"}],"wp:attachment":[{"href":"https:\/\/www.sudoestehoje.com.br\/novoportal\/wp-json\/wp\/v2\/media?parent=72726"}],"wp:term":[{"taxonomy":"category","embeddable":true,"href":"https:\/\/www.sudoestehoje.com.br\/novoportal\/wp-json\/wp\/v2\/categories?post=72726"},{"taxonomy":"post_tag","embeddable":true,"href":"https:\/\/www.sudoestehoje.com.br\/novoportal\/wp-json\/wp\/v2\/tags?post=72726"}],"curies":[{"name":"wp","href":"https:\/\/api.w.org\/{rel}","templated":true}]}}