
{"id":72716,"date":"2018-06-08T13:12:59","date_gmt":"2018-06-08T16:12:59","guid":{"rendered":"http:\/\/www.sudoestehoje.com.br\/novoportal\/?p=72716"},"modified":"2018-06-08T13:15:50","modified_gmt":"2018-06-08T16:15:50","slug":"prefeitura-divulga-projeto-da-av-catole","status":"publish","type":"post","link":"https:\/\/www.sudoestehoje.com.br\/novoportal\/2018\/06\/08\/prefeitura-divulga-projeto-da-av-catole\/","title":{"rendered":"PREFEITURA DIVULGA PROJETO DA AV. CATOL\u00c9"},"content":{"rendered":"<p><a href=\"http:\/\/www.sudoestehoje.com.br\/novoportal\/wp-content\/uploads\/2018\/06\/av-1.jpg\"><img loading=\"lazy\" decoding=\"async\" class=\"aligncenter size-medium wp-image-72717\" src=\"http:\/\/www.sudoestehoje.com.br\/novoportal\/wp-content\/uploads\/2018\/06\/av-1-500x329.jpg\" alt=\"\" width=\"500\" height=\"329\" srcset=\"https:\/\/www.sudoestehoje.com.br\/novoportal\/wp-content\/uploads\/2018\/06\/av-1-500x329.jpg 500w, https:\/\/www.sudoestehoje.com.br\/novoportal\/wp-content\/uploads\/2018\/06\/av-1-768x505.jpg 768w, https:\/\/www.sudoestehoje.com.br\/novoportal\/wp-content\/uploads\/2018\/06\/av-1-700x460.jpg 700w, https:\/\/www.sudoestehoje.com.br\/novoportal\/wp-content\/uploads\/2018\/06\/av-1.jpg 960w\" sizes=\"auto, (max-width: 500px) 100vw, 500px\" \/><\/a><\/p>\n<p>Com obras j\u00e1 em andamento, a avenida Catol\u00e9 dever\u00e1 ser entregue aos moradores do 12 de Dezembro, Jos\u00e9 Ivo e Vila \u00c9rika em tempo recorde, e ser\u00e1 uma das mais belas de Itapetinga, segundo projeto divulgado pela prefeitura, nesta sexta-feira (8).<\/p>\n<p>Na primeira etapa, est\u00e3o sendo realizadas obras de drenagem, esgotamento sanit\u00e1rio e assentamento de meio-fios. Na fase seguinte ser\u00e3o realizados servi\u00e7os de prepara\u00e7\u00e3o da base e pavimenta\u00e7\u00e3o asf\u00e1ltica, seguidos de constru\u00e7\u00e3o de cal\u00e7adas, jardinagem e ilumina\u00e7\u00e3o com torres no canteiro central.<\/p>\n<p>O prefeito Rodrigo Hagge e toda a equipe da Secretaria de Infraestrutura v\u00eam se empenhando para concluir e entregar a obra o mais r\u00e1pido poss\u00edvel. Confira as fotos do projeto:<\/p>\n\n\t\t<style type=\"text\/css\">\n\t\t\t#gallery-1 {\n\t\t\t\tmargin: auto;\n\t\t\t}\n\t\t\t#gallery-1 .gallery-item {\n\t\t\t\tfloat: left;\n\t\t\t\tmargin-top: 10px;\n\t\t\t\ttext-align: center;\n\t\t\t\twidth: 33%;\n\t\t\t}\n\t\t\t#gallery-1 img {\n\t\t\t\tborder: 2px solid #cfcfcf;\n\t\t\t}\n\t\t\t#gallery-1 .gallery-caption {\n\t\t\t\tmargin-left: 0;\n\t\t\t}\n\t\t\t\/* see gallery_shortcode() in wp-includes\/media.php *\/\n\t\t<\/style>\n\t\t<div id='gallery-1' class='gallery galleryid-72716 gallery-columns-3 gallery-size-thumbnail'><dl class='gallery-item'>\n\t\t\t<dt class='gallery-icon landscape'>\n\t\t\t\t<a href='https:\/\/www.sudoestehoje.com.br\/novoportal\/2018\/06\/08\/prefeitura-divulga-projeto-da-av-catole\/av-4\/'><img loading=\"lazy\" decoding=\"async\" width=\"150\" height=\"150\" src=\"https:\/\/www.sudoestehoje.com.br\/novoportal\/wp-content\/uploads\/2018\/06\/av-4-150x150.jpg\" class=\"attachment-thumbnail size-thumbnail\" alt=\"\" \/><\/a>\n\t\t\t<\/dt><\/dl><dl class='gallery-item'>\n\t\t\t<dt class='gallery-icon portrait'>\n\t\t\t\t<a href='https:\/\/www.sudoestehoje.com.br\/novoportal\/2018\/06\/08\/prefeitura-divulga-projeto-da-av-catole\/av-3\/'><img loading=\"lazy\" decoding=\"async\" width=\"150\" height=\"150\" src=\"https:\/\/www.sudoestehoje.com.br\/novoportal\/wp-content\/uploads\/2018\/06\/av-3-150x150.jpg\" class=\"attachment-thumbnail size-thumbnail\" alt=\"\" \/><\/a>\n\t\t\t<\/dt><\/dl><dl class='gallery-item'>\n\t\t\t<dt class='gallery-icon landscape'>\n\t\t\t\t<a href='https:\/\/www.sudoestehoje.com.br\/novoportal\/2018\/06\/08\/prefeitura-divulga-projeto-da-av-catole\/av-2\/'><img loading=\"lazy\" decoding=\"async\" width=\"150\" height=\"150\" src=\"https:\/\/www.sudoestehoje.com.br\/novoportal\/wp-content\/uploads\/2018\/06\/av-2-150x150.jpg\" class=\"attachment-thumbnail size-thumbnail\" alt=\"\" \/><\/a>\n\t\t\t<\/dt><\/dl><br style=\"clear: both\" \/>\n\t\t<\/div>\n\n","protected":false},"excerpt":{"rendered":"<p>Com obras j\u00e1 em andamento, a avenida Catol\u00e9 dever\u00e1 ser entregue aos moradores do 12 de Dezembro, Jos\u00e9 Ivo e Vila \u00c9rika em tempo recorde, e ser\u00e1 uma das mais belas de Itapetinga, segundo projeto divulgado pela prefeitura, nesta sexta-feira (8). Na primeira etapa, est\u00e3o sendo realizadas obras de drenagem, esgotamento sanit\u00e1rio e assentamento de [&hellip;]<\/p>\n","protected":false},"author":2,"featured_media":72717,"comment_status":"open","ping_status":"open","sticky":false,"template":"","format":"standard","meta":{"footnotes":"","_links_to":"","_links_to_target":""},"categories":[1],"tags":[],"class_list":["post-72716","post","type-post","status-publish","format-standard","has-post-thumbnail","hentry","category-geral"],"views":2482,"_links":{"self":[{"href":"https:\/\/www.sudoestehoje.com.br\/novoportal\/wp-json\/wp\/v2\/posts\/72716","targetHints":{"allow":["GET"]}}],"collection":[{"href":"https:\/\/www.sudoestehoje.com.br\/novoportal\/wp-json\/wp\/v2\/posts"}],"about":[{"href":"https:\/\/www.sudoestehoje.com.br\/novoportal\/wp-json\/wp\/v2\/types\/post"}],"author":[{"embeddable":true,"href":"https:\/\/www.sudoestehoje.com.br\/novoportal\/wp-json\/wp\/v2\/users\/2"}],"replies":[{"embeddable":true,"href":"https:\/\/www.sudoestehoje.com.br\/novoportal\/wp-json\/wp\/v2\/comments?post=72716"}],"version-history":[{"count":4,"href":"https:\/\/www.sudoestehoje.com.br\/novoportal\/wp-json\/wp\/v2\/posts\/72716\/revisions"}],"predecessor-version":[{"id":72725,"href":"https:\/\/www.sudoestehoje.com.br\/novoportal\/wp-json\/wp\/v2\/posts\/72716\/revisions\/72725"}],"wp:featuredmedia":[{"embeddable":true,"href":"https:\/\/www.sudoestehoje.com.br\/novoportal\/wp-json\/wp\/v2\/media\/72717"}],"wp:attachment":[{"href":"https:\/\/www.sudoestehoje.com.br\/novoportal\/wp-json\/wp\/v2\/media?parent=72716"}],"wp:term":[{"taxonomy":"category","embeddable":true,"href":"https:\/\/www.sudoestehoje.com.br\/novoportal\/wp-json\/wp\/v2\/categories?post=72716"},{"taxonomy":"post_tag","embeddable":true,"href":"https:\/\/www.sudoestehoje.com.br\/novoportal\/wp-json\/wp\/v2\/tags?post=72716"}],"curies":[{"name":"wp","href":"https:\/\/api.w.org\/{rel}","templated":true}]}}