
{"id":72711,"date":"2018-06-08T09:42:36","date_gmt":"2018-06-08T12:42:36","guid":{"rendered":"http:\/\/www.sudoestehoje.com.br\/novoportal\/?p=72711"},"modified":"2018-06-08T09:42:36","modified_gmt":"2018-06-08T12:42:36","slug":"quase-70-dos-brasileiros-nao-tem-interesse-pela-selecao-e-copa-do-mundo","status":"publish","type":"post","link":"https:\/\/www.sudoestehoje.com.br\/novoportal\/2018\/06\/08\/quase-70-dos-brasileiros-nao-tem-interesse-pela-selecao-e-copa-do-mundo\/","title":{"rendered":"QUASE 70% DOS BRASILEIROS N\u00c3O T\u00caM INTERESSE PELA SELE\u00c7\u00c3O E COPA DO MUNDO"},"content":{"rendered":"<p><a href=\"http:\/\/www.sudoestehoje.com.br\/novoportal\/wp-content\/uploads\/2018\/06\/CAMISA-SELE\u00c7\u00c3O-1.jpeg\"><img loading=\"lazy\" decoding=\"async\" class=\"aligncenter size-medium wp-image-72713\" src=\"http:\/\/www.sudoestehoje.com.br\/novoportal\/wp-content\/uploads\/2018\/06\/CAMISA-SELE\u00c7\u00c3O-1-500x281.jpeg\" alt=\"\" width=\"500\" height=\"281\" srcset=\"https:\/\/www.sudoestehoje.com.br\/novoportal\/wp-content\/uploads\/2018\/06\/CAMISA-SELE\u00c7\u00c3O-1-500x281.jpeg 500w, https:\/\/www.sudoestehoje.com.br\/novoportal\/wp-content\/uploads\/2018\/06\/CAMISA-SELE\u00c7\u00c3O-1-768x432.jpeg 768w, https:\/\/www.sudoestehoje.com.br\/novoportal\/wp-content\/uploads\/2018\/06\/CAMISA-SELE\u00c7\u00c3O-1-700x394.jpeg 700w, https:\/\/www.sudoestehoje.com.br\/novoportal\/wp-content\/uploads\/2018\/06\/CAMISA-SELE\u00c7\u00c3O-1.jpeg 896w\" sizes=\"auto, (max-width: 500px) 100vw, 500px\" \/><\/a><\/p>\n<p>Uma pesquisa de opini\u00e3o mostrou que 65% dos brasileiros ainda n\u00e3o demonstraram ter interesse pela Copa do Mundo que ser\u00e1 realizada na R\u00fassia. O Instituto Paran\u00e1 Pesquisas ouviu\u00a02.948 brasileiros em 185 munic\u00edpios das 27 unidades da federa\u00e7\u00e3o entre os dias 24 e 25 de abril.<\/p>\n<p>Entre os entrevistados, 28,3% disseram n\u00e3o estar nada interessados no mundial e\u00a037,5% disseram ter pouco interesse, somando\u00a065,8% para o desinteresse. J\u00e1 os interessados somam\u00a033,2%, sendo que destes\u00a08,8% est\u00e3o muito interessados e\u00a024,4% est\u00e3o interessados. 1% dos entrevistados n\u00e3o sabem ou n\u00e3o responderam.<\/p>\n<p>O grau de confian\u00e7a da pesquisa \u00e9 de 95% para uma margem estimada de erro de aproximadamente 2 pontos percentuais para os resultados gerais. Para os estratificados a margem de erro chega a 5 pontos percentuais.<\/p>\n","protected":false},"excerpt":{"rendered":"<p>Uma pesquisa de opini\u00e3o mostrou que 65% dos brasileiros ainda n\u00e3o demonstraram ter interesse pela Copa do Mundo que ser\u00e1 realizada na R\u00fassia. O Instituto Paran\u00e1 Pesquisas ouviu\u00a02.948 brasileiros em 185 munic\u00edpios das 27 unidades da federa\u00e7\u00e3o entre os dias 24 e 25 de abril. Entre os entrevistados, 28,3% disseram n\u00e3o estar nada interessados no [&hellip;]<\/p>\n","protected":false},"author":2,"featured_media":72713,"comment_status":"open","ping_status":"open","sticky":false,"template":"","format":"standard","meta":{"footnotes":"","_links_to":"","_links_to_target":""},"categories":[1],"tags":[],"class_list":["post-72711","post","type-post","status-publish","format-standard","has-post-thumbnail","hentry","category-geral"],"views":1193,"_links":{"self":[{"href":"https:\/\/www.sudoestehoje.com.br\/novoportal\/wp-json\/wp\/v2\/posts\/72711","targetHints":{"allow":["GET"]}}],"collection":[{"href":"https:\/\/www.sudoestehoje.com.br\/novoportal\/wp-json\/wp\/v2\/posts"}],"about":[{"href":"https:\/\/www.sudoestehoje.com.br\/novoportal\/wp-json\/wp\/v2\/types\/post"}],"author":[{"embeddable":true,"href":"https:\/\/www.sudoestehoje.com.br\/novoportal\/wp-json\/wp\/v2\/users\/2"}],"replies":[{"embeddable":true,"href":"https:\/\/www.sudoestehoje.com.br\/novoportal\/wp-json\/wp\/v2\/comments?post=72711"}],"version-history":[{"count":2,"href":"https:\/\/www.sudoestehoje.com.br\/novoportal\/wp-json\/wp\/v2\/posts\/72711\/revisions"}],"predecessor-version":[{"id":72715,"href":"https:\/\/www.sudoestehoje.com.br\/novoportal\/wp-json\/wp\/v2\/posts\/72711\/revisions\/72715"}],"wp:featuredmedia":[{"embeddable":true,"href":"https:\/\/www.sudoestehoje.com.br\/novoportal\/wp-json\/wp\/v2\/media\/72713"}],"wp:attachment":[{"href":"https:\/\/www.sudoestehoje.com.br\/novoportal\/wp-json\/wp\/v2\/media?parent=72711"}],"wp:term":[{"taxonomy":"category","embeddable":true,"href":"https:\/\/www.sudoestehoje.com.br\/novoportal\/wp-json\/wp\/v2\/categories?post=72711"},{"taxonomy":"post_tag","embeddable":true,"href":"https:\/\/www.sudoestehoje.com.br\/novoportal\/wp-json\/wp\/v2\/tags?post=72711"}],"curies":[{"name":"wp","href":"https:\/\/api.w.org\/{rel}","templated":true}]}}