
{"id":72707,"date":"2018-06-08T09:28:30","date_gmt":"2018-06-08T12:28:30","guid":{"rendered":"http:\/\/www.sudoestehoje.com.br\/novoportal\/?p=72707"},"modified":"2018-06-08T09:28:30","modified_gmt":"2018-06-08T12:28:30","slug":"antonio-brito-e-eleito-presidente-da-subcomissao-de-assistencia-social-da-camara","status":"publish","type":"post","link":"https:\/\/www.sudoestehoje.com.br\/novoportal\/2018\/06\/08\/antonio-brito-e-eleito-presidente-da-subcomissao-de-assistencia-social-da-camara\/","title":{"rendered":"ANT\u00d4NIO BRITO \u00c9 ELEITO PRESIDENTE DA SUBCOMISS\u00c3O DE ASSIST\u00caNCIA SOCIAL DA C\u00c2MARA"},"content":{"rendered":"<div class=\"msg-body P_wpofO iy_A\" data-test-id=\"message-view-body-content\">\n<div class=\"jb_0 X_6MGW N_6Fd5\">\n<div id=\"yiv0279641171\">\n<div dir=\"ltr\">\n<div><\/div>\n<p><a href=\"http:\/\/www.sudoestehoje.com.br\/novoportal\/wp-content\/uploads\/2018\/06\/A-brito.jpg\"><img loading=\"lazy\" decoding=\"async\" class=\"aligncenter size-medium wp-image-72709\" src=\"http:\/\/www.sudoestehoje.com.br\/novoportal\/wp-content\/uploads\/2018\/06\/A-brito-500x281.jpg\" alt=\"\" width=\"500\" height=\"281\" srcset=\"https:\/\/www.sudoestehoje.com.br\/novoportal\/wp-content\/uploads\/2018\/06\/A-brito-500x281.jpg 500w, https:\/\/www.sudoestehoje.com.br\/novoportal\/wp-content\/uploads\/2018\/06\/A-brito.jpg 650w\" sizes=\"auto, (max-width: 500px) 100vw, 500px\" \/><\/a><\/p>\n<p>O deputado federal Antonio Brito (PSD-BA) foi eleito, por unanimidade, presidente da Subcomiss\u00e3o Permanente de Assist\u00eancia Social da C\u00e2mara Federal. O colegiado, que pertence a Comiss\u00e3o de Seguridade Social e Fam\u00edlia (CSSF), uma das maiores do Congresso Nacional, \u00e9 destinado a acompanhar e fiscalizar as a\u00e7\u00f5es e pol\u00edticas do Poder Executivo, al\u00e9m de contribuir com as fun\u00e7\u00f5es legislativas, com a proposi\u00e7\u00e3o de projetos de lei que tratem da assist\u00eancia social.<\/p>\n<p>De acordo com o parlamentar, \u201co foco da subcomiss\u00e3o, neste ano, ser\u00e1 para a amplia\u00e7\u00e3o dos recursos para os programas sociais no Or\u00e7amento da Uni\u00e3o de 2019\u201d. Antonio Brito tamb\u00e9m foi escolhido, conjuntamente com o deputado Odorico Monteiro (PSB-CE), relator da PEC 383\/2017, que prop\u00f5e que a Uni\u00e3o aplique, anualmente, ao menos de um por cento da receita corrente l\u00edquida do respectivo exerc\u00edcio financeiro no financiamento do Sistema \u00danico de Assist\u00eancia Social (SUAS).<\/p>\n<\/div>\n<\/div>\n<\/div>\n<\/div>\n<div class=\"jb_0 X_6MGW N_6Fd5\"><\/div>\n","protected":false},"excerpt":{"rendered":"<p>O deputado federal Antonio Brito (PSD-BA) foi eleito, por unanimidade, presidente da Subcomiss\u00e3o Permanente de Assist\u00eancia Social da C\u00e2mara Federal. O colegiado, que pertence a Comiss\u00e3o de Seguridade Social e Fam\u00edlia (CSSF), uma das maiores do Congresso Nacional, \u00e9 destinado a acompanhar e fiscalizar as a\u00e7\u00f5es e pol\u00edticas do Poder Executivo, al\u00e9m de contribuir com [&hellip;]<\/p>\n","protected":false},"author":2,"featured_media":72709,"comment_status":"open","ping_status":"open","sticky":false,"template":"","format":"standard","meta":{"footnotes":"","_links_to":"","_links_to_target":""},"categories":[1],"tags":[],"class_list":["post-72707","post","type-post","status-publish","format-standard","has-post-thumbnail","hentry","category-geral"],"views":1010,"_links":{"self":[{"href":"https:\/\/www.sudoestehoje.com.br\/novoportal\/wp-json\/wp\/v2\/posts\/72707","targetHints":{"allow":["GET"]}}],"collection":[{"href":"https:\/\/www.sudoestehoje.com.br\/novoportal\/wp-json\/wp\/v2\/posts"}],"about":[{"href":"https:\/\/www.sudoestehoje.com.br\/novoportal\/wp-json\/wp\/v2\/types\/post"}],"author":[{"embeddable":true,"href":"https:\/\/www.sudoestehoje.com.br\/novoportal\/wp-json\/wp\/v2\/users\/2"}],"replies":[{"embeddable":true,"href":"https:\/\/www.sudoestehoje.com.br\/novoportal\/wp-json\/wp\/v2\/comments?post=72707"}],"version-history":[{"count":2,"href":"https:\/\/www.sudoestehoje.com.br\/novoportal\/wp-json\/wp\/v2\/posts\/72707\/revisions"}],"predecessor-version":[{"id":72710,"href":"https:\/\/www.sudoestehoje.com.br\/novoportal\/wp-json\/wp\/v2\/posts\/72707\/revisions\/72710"}],"wp:featuredmedia":[{"embeddable":true,"href":"https:\/\/www.sudoestehoje.com.br\/novoportal\/wp-json\/wp\/v2\/media\/72709"}],"wp:attachment":[{"href":"https:\/\/www.sudoestehoje.com.br\/novoportal\/wp-json\/wp\/v2\/media?parent=72707"}],"wp:term":[{"taxonomy":"category","embeddable":true,"href":"https:\/\/www.sudoestehoje.com.br\/novoportal\/wp-json\/wp\/v2\/categories?post=72707"},{"taxonomy":"post_tag","embeddable":true,"href":"https:\/\/www.sudoestehoje.com.br\/novoportal\/wp-json\/wp\/v2\/tags?post=72707"}],"curies":[{"name":"wp","href":"https:\/\/api.w.org\/{rel}","templated":true}]}}