
{"id":72702,"date":"2018-06-07T16:29:01","date_gmt":"2018-06-07T19:29:01","guid":{"rendered":"http:\/\/www.sudoestehoje.com.br\/novoportal\/?p=72702"},"modified":"2018-06-07T16:29:01","modified_gmt":"2018-06-07T19:29:01","slug":"ibicui-justica-proibe-tico-mia-e-brega-light-de-tocar-musicas-por-divida-milionaria-com-direitos-autorais","status":"publish","type":"post","link":"https:\/\/www.sudoestehoje.com.br\/novoportal\/2018\/06\/07\/ibicui-justica-proibe-tico-mia-e-brega-light-de-tocar-musicas-por-divida-milionaria-com-direitos-autorais\/","title":{"rendered":"IBICU\u00cd: JUSTI\u00c7A PRO\u00cdBE TICO MIA E BREGA LIGHT DE TOCAR M\u00daSICAS POR D\u00cdVIDA MILION\u00c1RIA COM DIREITOS AUTORAIS"},"content":{"rendered":"<p><a href=\"http:\/\/www.sudoestehoje.com.br\/novoportal\/wp-content\/uploads\/2018\/06\/festas.jpg\"><img loading=\"lazy\" decoding=\"async\" class=\"aligncenter size-medium wp-image-72703\" src=\"http:\/\/www.sudoestehoje.com.br\/novoportal\/wp-content\/uploads\/2018\/06\/festas-500x281.jpg\" alt=\"\" width=\"500\" height=\"281\" srcset=\"https:\/\/www.sudoestehoje.com.br\/novoportal\/wp-content\/uploads\/2018\/06\/festas-500x281.jpg 500w, https:\/\/www.sudoestehoje.com.br\/novoportal\/wp-content\/uploads\/2018\/06\/festas-768x431.jpg 768w, https:\/\/www.sudoestehoje.com.br\/novoportal\/wp-content\/uploads\/2018\/06\/festas-700x393.jpg 700w, https:\/\/www.sudoestehoje.com.br\/novoportal\/wp-content\/uploads\/2018\/06\/festas.jpg 890w\" sizes=\"auto, (max-width: 500px) 100vw, 500px\" \/><\/a><\/p>\n<p><strong><em>Boc\u00e3o News<\/em><\/strong><\/p>\n<p>Tr\u00eas das principais festas privadas de S\u00e3o Jo\u00e3o na Bahia est\u00e3o proibidas pela Justi\u00e7a de tocar m\u00fasicas. A proibi\u00e7\u00e3o \u00e9 por causa de d\u00edvidas com o Ecad (Escrit\u00f3rio Central de Arrecada\u00e7\u00e3o e Distribui\u00e7\u00e3o) no pagamento de direitos autor. Juntos, o Forr\u00f3 Ticomia, o Brega Light, ambos em Ibicu\u00ed, e S\u00e3o Jo\u00e3o do Allanbick, em Barreiras, somam um d\u00e9bito de quase R$ 3 milh\u00f5es.<\/p>\n<p>\u00c0 reportagem do\u00a0<strong>BNews<\/strong>, o Ecad confirmou que &#8220;existe uma decis\u00e3o judicial a favor do pagamento dos direitos autorais aos compositores&#8221;. No entanto, &#8220;todas as empresas promotoras dos eventos (Forr\u00f3 Ticomia, Brega Light e S\u00e3o Jo\u00e3o do Allanbick) descumprem a decis\u00e3o&#8221;, o que gera o ac\u00famulo da d\u00edvida.<\/p>\n<p>Conforme informa\u00e7\u00f5es do escrit\u00f3rio, o maior d\u00e9bito \u00e9 do Brega Light, de R$ 1,6 milh\u00e3o desde 2012, mesmo per\u00edodo que a d\u00edvida foi acumulado pelo Forr\u00f3 Ticomia, que somou um valor de R$ 700 mil. J\u00e1 o S\u00e3o Jo\u00e3o do Allanbick deve R$ 690 mil, mas o d\u00e9bito \u00e9 desde 2005. O \u00f3rg\u00e3o ressalta que &#8220;os valores acima se referem a at\u00e9 2017 e n\u00e3o est\u00e3o inclu\u00eddos os d\u00e9bitos relativos a 2018&#8221;.<\/p>\n<p>Apesar dos d\u00e9bitos, as festas continuam confirmadas com grandes atra\u00e7\u00f5es nacionais da m\u00fasica. Marcado para o dia 23 de junho, o Forr\u00f3 Ticomia vai reunir Dorgival Dantas, Gabriel Diniz, Mano Walter, Luan Estilizado, Lord\u00e3o, Calcinha Preta e Mastruz com Leite.<\/p>\n<p>Com ainda mais artistas e dividido em dois dias, 22 e 24 de junho, o Brega Ligth tem na programa\u00e7\u00e3o shows de Avi\u00f5es, Safad\u00e3o, Gusttavo Lima, Parangol\u00e9, Trio da Huanna, \u00a0Donas do Bar, Jorge e Mateus, L\u00e9o Santna, Marcia Felipe, Jonas Esticado, Solange Almeida e Z\u00e9 Neto e Cristiano.<\/p>\n<p>O \u00fanico que n\u00e3o est\u00e1 confirmado para ser realizado \u00e9 o S\u00e3o Jo\u00e3o do Allanbick. Inicialmente marcado para o dia 2 de junho, foi adiado por causa da greve dos caminhoneiros e at\u00e9 o momento n\u00e3o foi divulgada uma nova data. Entre as atra\u00e7\u00f5es est\u00e3o Solange Almeida, Gusttavo Lima, Isaias Estilizado e Toinho &amp; Cia. Informa\u00e7\u00f5es obtidas pelo BNews d\u00e3o conta que o evento foi remarcado para o dia 17 de junho, mas ainda n\u00e3o foi confirmado oficialmente.<\/p>\n","protected":false},"excerpt":{"rendered":"<p>Boc\u00e3o News Tr\u00eas das principais festas privadas de S\u00e3o Jo\u00e3o na Bahia est\u00e3o proibidas pela Justi\u00e7a de tocar m\u00fasicas. A proibi\u00e7\u00e3o \u00e9 por causa de d\u00edvidas com o Ecad (Escrit\u00f3rio Central de Arrecada\u00e7\u00e3o e Distribui\u00e7\u00e3o) no pagamento de direitos autor. Juntos, o Forr\u00f3 Ticomia, o Brega Light, ambos em Ibicu\u00ed, e S\u00e3o Jo\u00e3o do Allanbick, [&hellip;]<\/p>\n","protected":false},"author":2,"featured_media":72703,"comment_status":"open","ping_status":"open","sticky":false,"template":"","format":"standard","meta":{"footnotes":"","_links_to":"","_links_to_target":""},"categories":[1],"tags":[],"class_list":["post-72702","post","type-post","status-publish","format-standard","has-post-thumbnail","hentry","category-geral"],"views":2955,"_links":{"self":[{"href":"https:\/\/www.sudoestehoje.com.br\/novoportal\/wp-json\/wp\/v2\/posts\/72702","targetHints":{"allow":["GET"]}}],"collection":[{"href":"https:\/\/www.sudoestehoje.com.br\/novoportal\/wp-json\/wp\/v2\/posts"}],"about":[{"href":"https:\/\/www.sudoestehoje.com.br\/novoportal\/wp-json\/wp\/v2\/types\/post"}],"author":[{"embeddable":true,"href":"https:\/\/www.sudoestehoje.com.br\/novoportal\/wp-json\/wp\/v2\/users\/2"}],"replies":[{"embeddable":true,"href":"https:\/\/www.sudoestehoje.com.br\/novoportal\/wp-json\/wp\/v2\/comments?post=72702"}],"version-history":[{"count":3,"href":"https:\/\/www.sudoestehoje.com.br\/novoportal\/wp-json\/wp\/v2\/posts\/72702\/revisions"}],"predecessor-version":[{"id":72706,"href":"https:\/\/www.sudoestehoje.com.br\/novoportal\/wp-json\/wp\/v2\/posts\/72702\/revisions\/72706"}],"wp:featuredmedia":[{"embeddable":true,"href":"https:\/\/www.sudoestehoje.com.br\/novoportal\/wp-json\/wp\/v2\/media\/72703"}],"wp:attachment":[{"href":"https:\/\/www.sudoestehoje.com.br\/novoportal\/wp-json\/wp\/v2\/media?parent=72702"}],"wp:term":[{"taxonomy":"category","embeddable":true,"href":"https:\/\/www.sudoestehoje.com.br\/novoportal\/wp-json\/wp\/v2\/categories?post=72702"},{"taxonomy":"post_tag","embeddable":true,"href":"https:\/\/www.sudoestehoje.com.br\/novoportal\/wp-json\/wp\/v2\/tags?post=72702"}],"curies":[{"name":"wp","href":"https:\/\/api.w.org\/{rel}","templated":true}]}}