
{"id":72664,"date":"2018-06-04T07:50:09","date_gmt":"2018-06-04T10:50:09","guid":{"rendered":"http:\/\/www.sudoestehoje.com.br\/novoportal\/?p=72664"},"modified":"2018-06-04T18:56:27","modified_gmt":"2018-06-04T21:56:27","slug":"jequie-crianca-de-9-anos-mata-amigo-de-10-com-tiro-de-espingarda-por-acidente","status":"publish","type":"post","link":"https:\/\/www.sudoestehoje.com.br\/novoportal\/2018\/06\/04\/jequie-crianca-de-9-anos-mata-amigo-de-10-com-tiro-de-espingarda-por-acidente\/","title":{"rendered":"JEQUI\u00c9: CRIAN\u00c7A DE 9 ANOS MATA AMIGO DE 10 COM TIRO DE ESPINGARDA POR ACIDENTE"},"content":{"rendered":"<p><a href=\"http:\/\/www.sudoestehoje.com.br\/novoportal\/wp-content\/uploads\/2018\/06\/TIRO-ESPINGARDA.jpg\"><img loading=\"lazy\" decoding=\"async\" class=\"aligncenter size-medium wp-image-72667\" src=\"http:\/\/www.sudoestehoje.com.br\/novoportal\/wp-content\/uploads\/2018\/06\/TIRO-ESPINGARDA-500x312.jpg\" alt=\"\" width=\"500\" height=\"312\" srcset=\"https:\/\/www.sudoestehoje.com.br\/novoportal\/wp-content\/uploads\/2018\/06\/TIRO-ESPINGARDA-500x312.jpg 500w, https:\/\/www.sudoestehoje.com.br\/novoportal\/wp-content\/uploads\/2018\/06\/TIRO-ESPINGARDA-700x437.jpg 700w, https:\/\/www.sudoestehoje.com.br\/novoportal\/wp-content\/uploads\/2018\/06\/TIRO-ESPINGARDA.jpg 741w\" sizes=\"auto, (max-width: 500px) 100vw, 500px\" \/><\/a><\/p>\n<p>Um fato envolvendo duas crian\u00e7as chocou os moradores de Jequi\u00e9,\u00a0no sudoeste do estado, no \u00faltimo final de semana. Um garoto de 10 anos morreu depois de receber um tiro disparado de forma acidental por um amigo de 9 anos, no bairro KM-3.<\/p>\n<p>Segundo a Pol\u00edcia Civil, o menino que efetuou o disparo havia chamado dois amigos para dar comida ao cachorro do pai dele, que estava viajando. As crian\u00e7as, que estavam sozinhas no im\u00f3vel, encontraram uma espingarda embalada dentro de um guarda-roupa. O garoto de 9 anos foi manusear o equipamento que acabou disparando.<\/p>\n<p>A bala alcan\u00e7ou a cabe\u00e7a de Kainan Lino Oliveira, de 10 anos, que morreu na hora. O corpo dele foi levado para o Departamento de Pol\u00edcia T\u00e9cnica (DPT), em Jequi\u00e9. O caso ocorreu no s\u00e1bado (2). O pai do menino\u00a0autor do disparo deve responder por porte ilegal de arma de fogo e por omiss\u00e3o de cautela por ter permitido o f\u00e1cil acesso da crian\u00e7a a uma espingarda carregada.<\/p>\n","protected":false},"excerpt":{"rendered":"<p>Um fato envolvendo duas crian\u00e7as chocou os moradores de Jequi\u00e9,\u00a0no sudoeste do estado, no \u00faltimo final de semana. Um garoto de 10 anos morreu depois de receber um tiro disparado de forma acidental por um amigo de 9 anos, no bairro KM-3. Segundo a Pol\u00edcia Civil, o menino que efetuou o disparo havia chamado dois [&hellip;]<\/p>\n","protected":false},"author":2,"featured_media":72667,"comment_status":"open","ping_status":"open","sticky":false,"template":"","format":"standard","meta":{"footnotes":"","_links_to":"","_links_to_target":""},"categories":[1],"tags":[],"class_list":["post-72664","post","type-post","status-publish","format-standard","has-post-thumbnail","hentry","category-geral"],"views":1437,"_links":{"self":[{"href":"https:\/\/www.sudoestehoje.com.br\/novoportal\/wp-json\/wp\/v2\/posts\/72664","targetHints":{"allow":["GET"]}}],"collection":[{"href":"https:\/\/www.sudoestehoje.com.br\/novoportal\/wp-json\/wp\/v2\/posts"}],"about":[{"href":"https:\/\/www.sudoestehoje.com.br\/novoportal\/wp-json\/wp\/v2\/types\/post"}],"author":[{"embeddable":true,"href":"https:\/\/www.sudoestehoje.com.br\/novoportal\/wp-json\/wp\/v2\/users\/2"}],"replies":[{"embeddable":true,"href":"https:\/\/www.sudoestehoje.com.br\/novoportal\/wp-json\/wp\/v2\/comments?post=72664"}],"version-history":[{"count":3,"href":"https:\/\/www.sudoestehoje.com.br\/novoportal\/wp-json\/wp\/v2\/posts\/72664\/revisions"}],"predecessor-version":[{"id":72668,"href":"https:\/\/www.sudoestehoje.com.br\/novoportal\/wp-json\/wp\/v2\/posts\/72664\/revisions\/72668"}],"wp:featuredmedia":[{"embeddable":true,"href":"https:\/\/www.sudoestehoje.com.br\/novoportal\/wp-json\/wp\/v2\/media\/72667"}],"wp:attachment":[{"href":"https:\/\/www.sudoestehoje.com.br\/novoportal\/wp-json\/wp\/v2\/media?parent=72664"}],"wp:term":[{"taxonomy":"category","embeddable":true,"href":"https:\/\/www.sudoestehoje.com.br\/novoportal\/wp-json\/wp\/v2\/categories?post=72664"},{"taxonomy":"post_tag","embeddable":true,"href":"https:\/\/www.sudoestehoje.com.br\/novoportal\/wp-json\/wp\/v2\/tags?post=72664"}],"curies":[{"name":"wp","href":"https:\/\/api.w.org\/{rel}","templated":true}]}}