
{"id":72657,"date":"2018-06-04T18:35:57","date_gmt":"2018-06-04T21:35:57","guid":{"rendered":"http:\/\/www.sudoestehoje.com.br\/novoportal\/?p=72657"},"modified":"2018-06-04T18:37:24","modified_gmt":"2018-06-04T21:37:24","slug":"governo-discute-adotar-reajustes-mensais-no-preco-da-gasolina-politica-atual-e-insustentavel","status":"publish","type":"post","link":"https:\/\/www.sudoestehoje.com.br\/novoportal\/2018\/06\/04\/governo-discute-adotar-reajustes-mensais-no-preco-da-gasolina-politica-atual-e-insustentavel\/","title":{"rendered":"CAIU A FICHA: GOVERNO DISCUTE ADOTAR REAJUSTES MENSAIS NO PRE\u00c7O DA GASOLINA"},"content":{"rendered":"<p><a href=\"http:\/\/www.sudoestehoje.com.br\/novoportal\/wp-content\/uploads\/2018\/06\/GASOLINA-CARA.jpg\"><img loading=\"lazy\" decoding=\"async\" class=\"aligncenter size-medium wp-image-72658\" src=\"http:\/\/www.sudoestehoje.com.br\/novoportal\/wp-content\/uploads\/2018\/06\/GASOLINA-CARA-500x301.jpg\" alt=\"\" width=\"500\" height=\"301\" srcset=\"https:\/\/www.sudoestehoje.com.br\/novoportal\/wp-content\/uploads\/2018\/06\/GASOLINA-CARA-500x301.jpg 500w, https:\/\/www.sudoestehoje.com.br\/novoportal\/wp-content\/uploads\/2018\/06\/GASOLINA-CARA-768x462.jpg 768w, https:\/\/www.sudoestehoje.com.br\/novoportal\/wp-content\/uploads\/2018\/06\/GASOLINA-CARA-700x422.jpg 700w, https:\/\/www.sudoestehoje.com.br\/novoportal\/wp-content\/uploads\/2018\/06\/GASOLINA-CARA.jpg 930w\" sizes=\"auto, (max-width: 500px) 100vw, 500px\" \/><\/a><\/p>\n<p>O governo discute adotar a pr\u00e1tica de reajustes mensais para a gasolina, assim como foi feito em rela\u00e7\u00e3o ao diesel, segundo o blog do jornalista Valdo Cruz, do G1.<\/p>\n<p>De acordo com a publica\u00e7\u00e3o, assessores do presidente Temer avaliam que a estrat\u00e9gia de reajustes praticamente di\u00e1rios ficou \u201cinsustent\u00e1vel\u201d em meio ao ambiente de turbul\u00eancias no mercado financeiro.<\/p>\n<p>A pr\u00f3pria Petrobras estaria convencida da necessidade de mudar a pol\u00edtica de pre\u00e7os, desde que sejam mantidos os princ\u00edpios de repassar custos com base na varia\u00e7\u00e3o do petr\u00f3leo e do d\u00f3lar.<\/p>\n","protected":false},"excerpt":{"rendered":"<p>O governo discute adotar a pr\u00e1tica de reajustes mensais para a gasolina, assim como foi feito em rela\u00e7\u00e3o ao diesel, segundo o blog do jornalista Valdo Cruz, do G1. De acordo com a publica\u00e7\u00e3o, assessores do presidente Temer avaliam que a estrat\u00e9gia de reajustes praticamente di\u00e1rios ficou \u201cinsustent\u00e1vel\u201d em meio ao ambiente de turbul\u00eancias no [&hellip;]<\/p>\n","protected":false},"author":2,"featured_media":72658,"comment_status":"open","ping_status":"open","sticky":false,"template":"","format":"standard","meta":{"footnotes":"","_links_to":"","_links_to_target":""},"categories":[1],"tags":[],"class_list":["post-72657","post","type-post","status-publish","format-standard","has-post-thumbnail","hentry","category-geral"],"views":1244,"_links":{"self":[{"href":"https:\/\/www.sudoestehoje.com.br\/novoportal\/wp-json\/wp\/v2\/posts\/72657","targetHints":{"allow":["GET"]}}],"collection":[{"href":"https:\/\/www.sudoestehoje.com.br\/novoportal\/wp-json\/wp\/v2\/posts"}],"about":[{"href":"https:\/\/www.sudoestehoje.com.br\/novoportal\/wp-json\/wp\/v2\/types\/post"}],"author":[{"embeddable":true,"href":"https:\/\/www.sudoestehoje.com.br\/novoportal\/wp-json\/wp\/v2\/users\/2"}],"replies":[{"embeddable":true,"href":"https:\/\/www.sudoestehoje.com.br\/novoportal\/wp-json\/wp\/v2\/comments?post=72657"}],"version-history":[{"count":5,"href":"https:\/\/www.sudoestehoje.com.br\/novoportal\/wp-json\/wp\/v2\/posts\/72657\/revisions"}],"predecessor-version":[{"id":72663,"href":"https:\/\/www.sudoestehoje.com.br\/novoportal\/wp-json\/wp\/v2\/posts\/72657\/revisions\/72663"}],"wp:featuredmedia":[{"embeddable":true,"href":"https:\/\/www.sudoestehoje.com.br\/novoportal\/wp-json\/wp\/v2\/media\/72658"}],"wp:attachment":[{"href":"https:\/\/www.sudoestehoje.com.br\/novoportal\/wp-json\/wp\/v2\/media?parent=72657"}],"wp:term":[{"taxonomy":"category","embeddable":true,"href":"https:\/\/www.sudoestehoje.com.br\/novoportal\/wp-json\/wp\/v2\/categories?post=72657"},{"taxonomy":"post_tag","embeddable":true,"href":"https:\/\/www.sudoestehoje.com.br\/novoportal\/wp-json\/wp\/v2\/tags?post=72657"}],"curies":[{"name":"wp","href":"https:\/\/api.w.org\/{rel}","templated":true}]}}