
{"id":72645,"date":"2018-06-03T23:43:05","date_gmt":"2018-06-04T02:43:05","guid":{"rendered":"http:\/\/www.sudoestehoje.com.br\/novoportal\/?p=72645"},"modified":"2018-06-03T23:43:05","modified_gmt":"2018-06-04T02:43:05","slug":"itapetinga-programacao-de-sao-joao-e-anunciada-em-evento-para-a-imprensa","status":"publish","type":"post","link":"https:\/\/www.sudoestehoje.com.br\/novoportal\/2018\/06\/03\/itapetinga-programacao-de-sao-joao-e-anunciada-em-evento-para-a-imprensa\/","title":{"rendered":"ITAPETINGA: PROGRAMA\u00c7\u00c3O DE S\u00c3O JO\u00c3O \u00c9 ANUNCIADA EM EVENTO PARA A IMPRENSA"},"content":{"rendered":"<p><a href=\"http:\/\/www.sudoestehoje.com.br\/novoportal\/wp-content\/uploads\/2018\/06\/s-j-3.jpg\"><img loading=\"lazy\" decoding=\"async\" class=\"aligncenter size-medium wp-image-72649\" src=\"http:\/\/www.sudoestehoje.com.br\/novoportal\/wp-content\/uploads\/2018\/06\/s-j-3-500x368.jpg\" alt=\"\" width=\"500\" height=\"368\" srcset=\"https:\/\/www.sudoestehoje.com.br\/novoportal\/wp-content\/uploads\/2018\/06\/s-j-3-500x368.jpg 500w, https:\/\/www.sudoestehoje.com.br\/novoportal\/wp-content\/uploads\/2018\/06\/s-j-3-768x565.jpg 768w, https:\/\/www.sudoestehoje.com.br\/novoportal\/wp-content\/uploads\/2018\/06\/s-j-3-700x515.jpg 700w, https:\/\/www.sudoestehoje.com.br\/novoportal\/wp-content\/uploads\/2018\/06\/s-j-3.jpg 960w\" sizes=\"auto, (max-width: 500px) 100vw, 500px\" \/><\/a><\/p>\n<p>Na noite deste s\u00e1bado (2), no Maison Bella Vista, o prefeito Rodrigo Hagge reuniu imprensa, funcion\u00e1rios e convidados para declarar oficialmente aberto o S\u00e3o Jo\u00e3o de Itapetinga 2018. Dirigindo \u00e0 plateia presente ao evento, o prefeito anunciou oficialmente a grade da festa de S\u00e3o Jo\u00e3o no Parque Poliesportivo da Lagoa, que acontecer\u00e1 nos dias 21, 22, 23 e 24 deste m\u00eas de junho.<\/p>\n<p>Dentre os representantes da imprensa local, compareceram os radialistas Edilson Lima, Adreane Brito, Jos\u00e9 Elias Ribeiro e Tarug\u00e3o. Representando os principais blogs da cidade, estavam presentes Davi Ferraz, do Sudoeste Hoje, Tiago Botino, do Itapetinga Agora, Cesar Soares, do Tribuna de Itapetinga, Israel Damaceno, do Itapetinga Not\u00edcias e Maur\u00edcio Gomes, do Politicagem na Bagagem.<\/p>\n<p><a href=\"http:\/\/www.sudoestehoje.com.br\/novoportal\/wp-content\/uploads\/2018\/06\/sj-6.jpg\"><img loading=\"lazy\" decoding=\"async\" class=\"aligncenter size-medium wp-image-72652\" src=\"http:\/\/www.sudoestehoje.com.br\/novoportal\/wp-content\/uploads\/2018\/06\/sj-6-500x281.jpg\" alt=\"\" width=\"500\" height=\"281\" srcset=\"https:\/\/www.sudoestehoje.com.br\/novoportal\/wp-content\/uploads\/2018\/06\/sj-6-500x281.jpg 500w, https:\/\/www.sudoestehoje.com.br\/novoportal\/wp-content\/uploads\/2018\/06\/sj-6-768x432.jpg 768w, https:\/\/www.sudoestehoje.com.br\/novoportal\/wp-content\/uploads\/2018\/06\/sj-6-700x394.jpg 700w, https:\/\/www.sudoestehoje.com.br\/novoportal\/wp-content\/uploads\/2018\/06\/sj-6.jpg 960w\" sizes=\"auto, (max-width: 500px) 100vw, 500px\" \/><\/a><\/p>\n<p>Rodrigo lembrou que no ano passado, o S\u00e3o Jo\u00e3o foi organizado tendo a seguran\u00e7a em primeiro plano. Agora, uma estrutura maior ser\u00e1 montada para oferecer ainda mais conforto e anima\u00e7\u00e3o aos itapetinguenses e visitantes.<\/p>\n<p>Entre as novidades da festa deste ano est\u00e3o a montagem de dois grandes palcos, o que vai dar mais dinamismo \u00e0 festa, que n\u00e3o contar\u00e1 com largos intervalos entre a apresenta\u00e7\u00e3o de uma banda e outra; a instala\u00e7\u00e3o de camarotes e loungs pela arena; e melhoria da estrutura de banheiros oferecendo mais conforto e privacidade.<\/p>\n<p><a href=\"http:\/\/www.sudoestehoje.com.br\/novoportal\/wp-content\/uploads\/2018\/06\/s-j-5.jpg\"><img loading=\"lazy\" decoding=\"async\" class=\"aligncenter size-medium wp-image-72651\" src=\"http:\/\/www.sudoestehoje.com.br\/novoportal\/wp-content\/uploads\/2018\/06\/s-j-5-500x281.jpg\" alt=\"\" width=\"500\" height=\"281\" srcset=\"https:\/\/www.sudoestehoje.com.br\/novoportal\/wp-content\/uploads\/2018\/06\/s-j-5-500x281.jpg 500w, https:\/\/www.sudoestehoje.com.br\/novoportal\/wp-content\/uploads\/2018\/06\/s-j-5-768x432.jpg 768w, https:\/\/www.sudoestehoje.com.br\/novoportal\/wp-content\/uploads\/2018\/06\/s-j-5-700x394.jpg 700w, https:\/\/www.sudoestehoje.com.br\/novoportal\/wp-content\/uploads\/2018\/06\/s-j-5.jpg 960w\" sizes=\"auto, (max-width: 500px) 100vw, 500px\" \/><\/a><\/p>\n<p>O prefeito anunciou ainda a contrata\u00e7\u00e3o do quinto maior som da Am\u00e9rica Latina para alcan\u00e7ar, com qualidade, todos os cantos do Parque Poliesportivo da Lagoa. A seguran\u00e7a, j\u00e1 t\u00e3o estruturada no ano anterior, ganhou ainda mais aten\u00e7\u00e3o: Os portais de acesso ao Parque ser\u00e3o distribu\u00eddos nas vias, ampliando a arena da festa.<\/p>\n<p>16 c\u00e2meras, duas empresas de seguran\u00e7a privada, al\u00e9m da Guarda Municipal e Pol\u00edcias Civil e Militar ir\u00e3o monitorar o evento que tem expectativa de receber mais de 150 mil pessoas durante os quatro dias de realiza\u00e7\u00e3o.<\/p>\n<p><a href=\"http:\/\/www.sudoestehoje.com.br\/novoportal\/wp-content\/uploads\/2018\/06\/sj-4.jpg\"><img loading=\"lazy\" decoding=\"async\" class=\"aligncenter size-medium wp-image-72650\" src=\"http:\/\/www.sudoestehoje.com.br\/novoportal\/wp-content\/uploads\/2018\/06\/sj-4-500x286.jpg\" alt=\"\" width=\"500\" height=\"286\" srcset=\"https:\/\/www.sudoestehoje.com.br\/novoportal\/wp-content\/uploads\/2018\/06\/sj-4-500x286.jpg 500w, https:\/\/www.sudoestehoje.com.br\/novoportal\/wp-content\/uploads\/2018\/06\/sj-4-768x439.jpg 768w, https:\/\/www.sudoestehoje.com.br\/novoportal\/wp-content\/uploads\/2018\/06\/sj-4-700x400.jpg 700w, https:\/\/www.sudoestehoje.com.br\/novoportal\/wp-content\/uploads\/2018\/06\/sj-4.jpg 960w\" sizes=\"auto, (max-width: 500px) 100vw, 500px\" \/><\/a><\/p>\n<p>O prefeito falou ainda da sua alegria ao perceber a repercuss\u00e3o positiva do evento em outras cidades \u2013 50 \u00f4nibus extras chegar\u00e3o de Salvador a partir do dia 21 de junho. Reconhecendo a for\u00e7a da festa para a cidade, Rodrigo Hagge pediu o apoio de todos para a constru\u00e7\u00e3o de um evento bonito, seguro e que reforce a identidade cultural da popula\u00e7\u00e3o.<\/p>\n<p>\u201cS\u00f3 vamos conseguir fazer um S\u00e3o Jo\u00e3o forte com o apoio da sociedade de Itapetinga. Esse apoio marca o diferencial que queremos dar a essa festa\u201d, falou o prefeito. O forr\u00f3 j\u00e1 come\u00e7a na pr\u00f3xima sexta-feira, 08, com o Forr\u00f3 dos Bairros, na Vila Riach\u00e3o. E entre os dias 21 e 24, todos os itapetinguenses e visitantes se encontram num grande arrai\u00e1 montado no Parque da Lagoa.<\/p>\n<p><a href=\"http:\/\/www.sudoestehoje.com.br\/novoportal\/wp-content\/uploads\/2018\/06\/sj-1.jpg\"><img loading=\"lazy\" decoding=\"async\" class=\"aligncenter size-medium wp-image-72647\" src=\"http:\/\/www.sudoestehoje.com.br\/novoportal\/wp-content\/uploads\/2018\/06\/sj-1-500x500.jpg\" alt=\"\" width=\"500\" height=\"500\" srcset=\"https:\/\/www.sudoestehoje.com.br\/novoportal\/wp-content\/uploads\/2018\/06\/sj-1-500x500.jpg 500w, https:\/\/www.sudoestehoje.com.br\/novoportal\/wp-content\/uploads\/2018\/06\/sj-1-150x150.jpg 150w, https:\/\/www.sudoestehoje.com.br\/novoportal\/wp-content\/uploads\/2018\/06\/sj-1-768x768.jpg 768w, https:\/\/www.sudoestehoje.com.br\/novoportal\/wp-content\/uploads\/2018\/06\/sj-1-700x700.jpg 700w, https:\/\/www.sudoestehoje.com.br\/novoportal\/wp-content\/uploads\/2018\/06\/sj-1.jpg 960w\" sizes=\"auto, (max-width: 500px) 100vw, 500px\" \/><\/a><\/p>\n<p>\/\/Ascom<\/p>\n","protected":false},"excerpt":{"rendered":"<p>Na noite deste s\u00e1bado (2), no Maison Bella Vista, o prefeito Rodrigo Hagge reuniu imprensa, funcion\u00e1rios e convidados para declarar oficialmente aberto o S\u00e3o Jo\u00e3o de Itapetinga 2018. Dirigindo \u00e0 plateia presente ao evento, o prefeito anunciou oficialmente a grade da festa de S\u00e3o Jo\u00e3o no Parque Poliesportivo da Lagoa, que acontecer\u00e1 nos dias 21, [&hellip;]<\/p>\n","protected":false},"author":2,"featured_media":72649,"comment_status":"open","ping_status":"open","sticky":false,"template":"","format":"standard","meta":{"footnotes":"","_links_to":"","_links_to_target":""},"categories":[1],"tags":[],"class_list":["post-72645","post","type-post","status-publish","format-standard","has-post-thumbnail","hentry","category-geral"],"views":2330,"_links":{"self":[{"href":"https:\/\/www.sudoestehoje.com.br\/novoportal\/wp-json\/wp\/v2\/posts\/72645","targetHints":{"allow":["GET"]}}],"collection":[{"href":"https:\/\/www.sudoestehoje.com.br\/novoportal\/wp-json\/wp\/v2\/posts"}],"about":[{"href":"https:\/\/www.sudoestehoje.com.br\/novoportal\/wp-json\/wp\/v2\/types\/post"}],"author":[{"embeddable":true,"href":"https:\/\/www.sudoestehoje.com.br\/novoportal\/wp-json\/wp\/v2\/users\/2"}],"replies":[{"embeddable":true,"href":"https:\/\/www.sudoestehoje.com.br\/novoportal\/wp-json\/wp\/v2\/comments?post=72645"}],"version-history":[{"count":2,"href":"https:\/\/www.sudoestehoje.com.br\/novoportal\/wp-json\/wp\/v2\/posts\/72645\/revisions"}],"predecessor-version":[{"id":72653,"href":"https:\/\/www.sudoestehoje.com.br\/novoportal\/wp-json\/wp\/v2\/posts\/72645\/revisions\/72653"}],"wp:featuredmedia":[{"embeddable":true,"href":"https:\/\/www.sudoestehoje.com.br\/novoportal\/wp-json\/wp\/v2\/media\/72649"}],"wp:attachment":[{"href":"https:\/\/www.sudoestehoje.com.br\/novoportal\/wp-json\/wp\/v2\/media?parent=72645"}],"wp:term":[{"taxonomy":"category","embeddable":true,"href":"https:\/\/www.sudoestehoje.com.br\/novoportal\/wp-json\/wp\/v2\/categories?post=72645"},{"taxonomy":"post_tag","embeddable":true,"href":"https:\/\/www.sudoestehoje.com.br\/novoportal\/wp-json\/wp\/v2\/tags?post=72645"}],"curies":[{"name":"wp","href":"https:\/\/api.w.org\/{rel}","templated":true}]}}