
{"id":72638,"date":"2018-06-02T18:16:56","date_gmt":"2018-06-02T21:16:56","guid":{"rendered":"http:\/\/www.sudoestehoje.com.br\/novoportal\/?p=72638"},"modified":"2018-06-02T18:16:56","modified_gmt":"2018-06-02T21:16:56","slug":"petrobras-aumenta-o-preco-da-gasolina-em-225-nas-refinarias-alta-e-de-113-no-mes","status":"publish","type":"post","link":"https:\/\/www.sudoestehoje.com.br\/novoportal\/2018\/06\/02\/petrobras-aumenta-o-preco-da-gasolina-em-225-nas-refinarias-alta-e-de-113-no-mes\/","title":{"rendered":"PETROBRAS AUMENTA O PRE\u00c7O DA GASOLINA EM 2,25% NAS REFINARIAS; ALTA \u00c9 DE 11,3% NO M\u00caS"},"content":{"rendered":"<p><a href=\"http:\/\/www.sudoestehoje.com.br\/novoportal\/wp-content\/uploads\/2018\/06\/refina.jpg\"><img loading=\"lazy\" decoding=\"async\" class=\"aligncenter size-medium wp-image-72639\" src=\"http:\/\/www.sudoestehoje.com.br\/novoportal\/wp-content\/uploads\/2018\/06\/refina-500x325.jpg\" alt=\"\" width=\"500\" height=\"325\" srcset=\"https:\/\/www.sudoestehoje.com.br\/novoportal\/wp-content\/uploads\/2018\/06\/refina-500x325.jpg 500w, https:\/\/www.sudoestehoje.com.br\/novoportal\/wp-content\/uploads\/2018\/06\/refina.jpg 590w\" sizes=\"auto, (max-width: 500px) 100vw, 500px\" \/><\/a><\/p>\n<p>A Petrobras aumentou neste s\u00e1bado (2) um novo aumento do pre\u00e7o da gasolina. Agora, o reajuste \u00e9 de 2,25% no pre\u00e7o do combust\u00edvel nas suas refinarias.<\/p>\n<p>Segundo a Ag\u00eancia Brasil, desta sexta-feira \u00a0(1\u00b0) para este s\u00e1bado, o litro do combust\u00edvel ficou 4 centavos mais caro, ao passar de R$ 1,9671 para R$ 2,0113.<\/p>\n<p>Em um m\u00eas, o alta do combust\u00edvel acumula 11,29%, ou seja, de 20 centavos por litro, j\u00e1 que em 1\u00ba de maio, o combust\u00edvel era negociado nas refinarias a R$ 1,8072.<\/p>\n<p>Conforme a ag\u00eancia, j\u00e1 o pre\u00e7o do diesel, que recuou 30 centavos desde o dia 23 de maio, no \u00e1pice da\u00a0greve dos caminhoneiros, ser\u00e1 mantido em R$ 2,0316 por 60 dias.<\/p>\n","protected":false},"excerpt":{"rendered":"<p>A Petrobras aumentou neste s\u00e1bado (2) um novo aumento do pre\u00e7o da gasolina. Agora, o reajuste \u00e9 de 2,25% no pre\u00e7o do combust\u00edvel nas suas refinarias. Segundo a Ag\u00eancia Brasil, desta sexta-feira \u00a0(1\u00b0) para este s\u00e1bado, o litro do combust\u00edvel ficou 4 centavos mais caro, ao passar de R$ 1,9671 para R$ 2,0113. Em um [&hellip;]<\/p>\n","protected":false},"author":2,"featured_media":72639,"comment_status":"open","ping_status":"open","sticky":false,"template":"","format":"standard","meta":{"footnotes":"","_links_to":"","_links_to_target":""},"categories":[1],"tags":[],"class_list":["post-72638","post","type-post","status-publish","format-standard","has-post-thumbnail","hentry","category-geral"],"views":1091,"_links":{"self":[{"href":"https:\/\/www.sudoestehoje.com.br\/novoportal\/wp-json\/wp\/v2\/posts\/72638","targetHints":{"allow":["GET"]}}],"collection":[{"href":"https:\/\/www.sudoestehoje.com.br\/novoportal\/wp-json\/wp\/v2\/posts"}],"about":[{"href":"https:\/\/www.sudoestehoje.com.br\/novoportal\/wp-json\/wp\/v2\/types\/post"}],"author":[{"embeddable":true,"href":"https:\/\/www.sudoestehoje.com.br\/novoportal\/wp-json\/wp\/v2\/users\/2"}],"replies":[{"embeddable":true,"href":"https:\/\/www.sudoestehoje.com.br\/novoportal\/wp-json\/wp\/v2\/comments?post=72638"}],"version-history":[{"count":2,"href":"https:\/\/www.sudoestehoje.com.br\/novoportal\/wp-json\/wp\/v2\/posts\/72638\/revisions"}],"predecessor-version":[{"id":72641,"href":"https:\/\/www.sudoestehoje.com.br\/novoportal\/wp-json\/wp\/v2\/posts\/72638\/revisions\/72641"}],"wp:featuredmedia":[{"embeddable":true,"href":"https:\/\/www.sudoestehoje.com.br\/novoportal\/wp-json\/wp\/v2\/media\/72639"}],"wp:attachment":[{"href":"https:\/\/www.sudoestehoje.com.br\/novoportal\/wp-json\/wp\/v2\/media?parent=72638"}],"wp:term":[{"taxonomy":"category","embeddable":true,"href":"https:\/\/www.sudoestehoje.com.br\/novoportal\/wp-json\/wp\/v2\/categories?post=72638"},{"taxonomy":"post_tag","embeddable":true,"href":"https:\/\/www.sudoestehoje.com.br\/novoportal\/wp-json\/wp\/v2\/tags?post=72638"}],"curies":[{"name":"wp","href":"https:\/\/api.w.org\/{rel}","templated":true}]}}