
{"id":72624,"date":"2018-06-01T20:15:03","date_gmt":"2018-06-01T23:15:03","guid":{"rendered":"http:\/\/www.sudoestehoje.com.br\/novoportal\/?p=72624"},"modified":"2018-06-01T20:15:34","modified_gmt":"2018-06-01T23:15:34","slug":"camara-de-vereadores-de-itapetinga-promove-curso-pelo-interlegis-do-senado","status":"publish","type":"post","link":"https:\/\/www.sudoestehoje.com.br\/novoportal\/2018\/06\/01\/camara-de-vereadores-de-itapetinga-promove-curso-pelo-interlegis-do-senado\/","title":{"rendered":"C\u00c2MARA DE VEREADORES DE ITAPETINGA PROMOVE CURSO PELO INTERLEGIS DO SENADO"},"content":{"rendered":"<p><a href=\"http:\/\/www.sudoestehoje.com.br\/novoportal\/wp-content\/uploads\/2018\/06\/INTERLEGIS.jpg\"><img loading=\"lazy\" decoding=\"async\" class=\"aligncenter size-medium wp-image-72626\" src=\"http:\/\/www.sudoestehoje.com.br\/novoportal\/wp-content\/uploads\/2018\/06\/INTERLEGIS-500x302.jpg\" alt=\"\" width=\"500\" height=\"302\" srcset=\"https:\/\/www.sudoestehoje.com.br\/novoportal\/wp-content\/uploads\/2018\/06\/INTERLEGIS-500x302.jpg 500w, https:\/\/www.sudoestehoje.com.br\/novoportal\/wp-content\/uploads\/2018\/06\/INTERLEGIS.jpg 640w\" sizes=\"auto, (max-width: 500px) 100vw, 500px\" \/><\/a><\/p>\n<p>A C\u00e2mara Municipal de Itapetinga vai sediar, entre os dias 5 e 7 de junho, um treinamento promovido pelo Programa Interlegis, do Senado Federal, que \u00e9 um dos mais solicitados pelas casas legislativas de todo o pa\u00eds.<\/p>\n<p>Trata-se da Oficina Interlegis para revis\u00e3o e atualiza\u00e7\u00e3o de marcos jur\u00eddicos, documentos fundamentais nas rela\u00e7\u00f5es entre o Legislativo e o Executivo e para o funcionamento das c\u00e2maras: a Lei Org\u00e2nica e o Regimento Interno.<\/p>\n<p>Muitas vezes desatualizados e n\u00e3o raro em franca discord\u00e2ncia com outras leis (estaduais ou mesmo a Constitui\u00e7\u00e3o), estes documentos precisam ser revistos e atualizados. O Regimento Interno de uma C\u00e2mara e a Lei Org\u00e2nica do Munic\u00edpio regem n\u00e3o apenas o seu funcionamento interno, mas as rela\u00e7\u00f5es com o Executivo e com o cidad\u00e3o.<\/p>\n<p>Segundo dados do pr\u00f3prio Interlegis, em cerca de 85% das C\u00e2maras de todo o pa\u00eds, estes documentos est\u00e3o desatualizados, \u00e0s vezes datando de sua primeira vers\u00e3o, da \u00e9poca da promulga\u00e7\u00e3o da Constitui\u00e7\u00e3o de 1988. Sendo que ela pr\u00f3pria j\u00e1 recebeu 99 emendas, muitas das quais afetam a administra\u00e7\u00e3o municipal.<\/p>\n<p>Em Itapetinga o instrutor ser\u00e1 Luis Fernando Pires Machado, especialista em processo legislativo, servidor do Senado. Ele abordar\u00e1 temas como regime jur\u00eddico de vereadores, processo legislativo, regras de tramita\u00e7\u00e3o de projetos e demais proposi\u00e7\u00f5es, atua\u00e7\u00e3o legislativa na formula\u00e7\u00e3o de pol\u00edticas p\u00fablicas, as novas responsabilidades dos munic\u00edpios no campo das pol\u00edticas p\u00fablicas \u2013 entre outros.<\/p>\n","protected":false},"excerpt":{"rendered":"<p>A C\u00e2mara Municipal de Itapetinga vai sediar, entre os dias 5 e 7 de junho, um treinamento promovido pelo Programa Interlegis, do Senado Federal, que \u00e9 um dos mais solicitados pelas casas legislativas de todo o pa\u00eds. Trata-se da Oficina Interlegis para revis\u00e3o e atualiza\u00e7\u00e3o de marcos jur\u00eddicos, documentos fundamentais nas rela\u00e7\u00f5es entre o Legislativo [&hellip;]<\/p>\n","protected":false},"author":2,"featured_media":72626,"comment_status":"open","ping_status":"open","sticky":false,"template":"","format":"standard","meta":{"footnotes":"","_links_to":"","_links_to_target":""},"categories":[1],"tags":[],"class_list":["post-72624","post","type-post","status-publish","format-standard","has-post-thumbnail","hentry","category-geral"],"views":1299,"_links":{"self":[{"href":"https:\/\/www.sudoestehoje.com.br\/novoportal\/wp-json\/wp\/v2\/posts\/72624","targetHints":{"allow":["GET"]}}],"collection":[{"href":"https:\/\/www.sudoestehoje.com.br\/novoportal\/wp-json\/wp\/v2\/posts"}],"about":[{"href":"https:\/\/www.sudoestehoje.com.br\/novoportal\/wp-json\/wp\/v2\/types\/post"}],"author":[{"embeddable":true,"href":"https:\/\/www.sudoestehoje.com.br\/novoportal\/wp-json\/wp\/v2\/users\/2"}],"replies":[{"embeddable":true,"href":"https:\/\/www.sudoestehoje.com.br\/novoportal\/wp-json\/wp\/v2\/comments?post=72624"}],"version-history":[{"count":3,"href":"https:\/\/www.sudoestehoje.com.br\/novoportal\/wp-json\/wp\/v2\/posts\/72624\/revisions"}],"predecessor-version":[{"id":72628,"href":"https:\/\/www.sudoestehoje.com.br\/novoportal\/wp-json\/wp\/v2\/posts\/72624\/revisions\/72628"}],"wp:featuredmedia":[{"embeddable":true,"href":"https:\/\/www.sudoestehoje.com.br\/novoportal\/wp-json\/wp\/v2\/media\/72626"}],"wp:attachment":[{"href":"https:\/\/www.sudoestehoje.com.br\/novoportal\/wp-json\/wp\/v2\/media?parent=72624"}],"wp:term":[{"taxonomy":"category","embeddable":true,"href":"https:\/\/www.sudoestehoje.com.br\/novoportal\/wp-json\/wp\/v2\/categories?post=72624"},{"taxonomy":"post_tag","embeddable":true,"href":"https:\/\/www.sudoestehoje.com.br\/novoportal\/wp-json\/wp\/v2\/tags?post=72624"}],"curies":[{"name":"wp","href":"https:\/\/api.w.org\/{rel}","templated":true}]}}