
{"id":72594,"date":"2018-05-31T00:26:53","date_gmt":"2018-05-31T03:26:53","guid":{"rendered":"http:\/\/www.sudoestehoje.com.br\/novoportal\/?p=72594"},"modified":"2018-05-31T00:26:53","modified_gmt":"2018-05-31T03:26:53","slug":"tre-condena-rui-por-propaganda-antecipada","status":"publish","type":"post","link":"https:\/\/www.sudoestehoje.com.br\/novoportal\/2018\/05\/31\/tre-condena-rui-por-propaganda-antecipada\/","title":{"rendered":"TRE CONDENA RUI POR PROPAGANDA ANTECIPADA"},"content":{"rendered":"<p><a href=\"http:\/\/www.sudoestehoje.com.br\/novoportal\/wp-content\/uploads\/2018\/05\/ruim.jpg\"><img loading=\"lazy\" decoding=\"async\" class=\"aligncenter size-medium wp-image-72595\" src=\"http:\/\/www.sudoestehoje.com.br\/novoportal\/wp-content\/uploads\/2018\/05\/ruim-500x350.jpg\" alt=\"\" width=\"500\" height=\"350\" srcset=\"https:\/\/www.sudoestehoje.com.br\/novoportal\/wp-content\/uploads\/2018\/05\/ruim-500x350.jpg 500w, https:\/\/www.sudoestehoje.com.br\/novoportal\/wp-content\/uploads\/2018\/05\/ruim.jpg 600w\" sizes=\"auto, (max-width: 500px) 100vw, 500px\" \/><\/a><\/p>\n<p>O governador Rui Costa (PT) foi condenado pelo Tribunal Regional Eleitoral da Bahia (TRE-BA) ao pagamento de multa de R$ 5 mil, por propaganda eleitoral antecipada, a pedido do Minist\u00e9rio P\u00fablico Eleitoral na Bahia.<\/p>\n<p>Tamb\u00e9m foram condenados o coordenador de Fotografia da Secretaria de Comunica\u00e7\u00e3o (Secom), Emmanuel Dias de Andrade, e o Estado da Bahia.<\/p>\n<p>O TRE ainda determinou a retirada, da conta oficial do governo no Flickr, de todas as fotos que contenham a exibi\u00e7\u00e3o em primeiro plano da imagem de Rui, al\u00e9m das que contenham placas com promo\u00e7\u00e3o e elogios ao governador.<\/p>\n<p>Na representa\u00e7\u00e3o, o procurador Regional Eleitoral substituto e auxiliar na Bahia, Ov\u00eddio Augusto Amoedo Machado, argumentou que as fotografias n\u00e3o est\u00e3o relacionadas com o evento ou com o prop\u00f3sito p\u00fablico que justificou o comparecimento do governador e sua maci\u00e7a divulga\u00e7\u00e3o possui car\u00e1ter eleitoreiro.<\/p>\n<p>Conforme a decis\u00e3o, houve \u201cpropaganda eleitoral disfar\u00e7ada, j\u00e1 que a forma como utilizadas as aludidas pe\u00e7as revela um transbordamento do car\u00e1ter informativo que deve possuir os meios de comunica\u00e7\u00e3o p\u00fablicos\u201d. O MP Eleitoral recorreu para aumentar o valor da multa.<\/p>\n<p>Em 2014, Rui tamb\u00e9m foi condenado por propaganda antecipada pelo TRE. Na \u00e9poca, o petista era secret\u00e1rio da Casa Civil. \/\/<strong><em>Bahia.ba<\/em><\/strong><\/p>\n","protected":false},"excerpt":{"rendered":"<p>O governador Rui Costa (PT) foi condenado pelo Tribunal Regional Eleitoral da Bahia (TRE-BA) ao pagamento de multa de R$ 5 mil, por propaganda eleitoral antecipada, a pedido do Minist\u00e9rio P\u00fablico Eleitoral na Bahia. Tamb\u00e9m foram condenados o coordenador de Fotografia da Secretaria de Comunica\u00e7\u00e3o (Secom), Emmanuel Dias de Andrade, e o Estado da Bahia. [&hellip;]<\/p>\n","protected":false},"author":2,"featured_media":72595,"comment_status":"open","ping_status":"open","sticky":false,"template":"","format":"standard","meta":{"footnotes":"","_links_to":"","_links_to_target":""},"categories":[1],"tags":[],"class_list":["post-72594","post","type-post","status-publish","format-standard","has-post-thumbnail","hentry","category-geral"],"views":1138,"_links":{"self":[{"href":"https:\/\/www.sudoestehoje.com.br\/novoportal\/wp-json\/wp\/v2\/posts\/72594","targetHints":{"allow":["GET"]}}],"collection":[{"href":"https:\/\/www.sudoestehoje.com.br\/novoportal\/wp-json\/wp\/v2\/posts"}],"about":[{"href":"https:\/\/www.sudoestehoje.com.br\/novoportal\/wp-json\/wp\/v2\/types\/post"}],"author":[{"embeddable":true,"href":"https:\/\/www.sudoestehoje.com.br\/novoportal\/wp-json\/wp\/v2\/users\/2"}],"replies":[{"embeddable":true,"href":"https:\/\/www.sudoestehoje.com.br\/novoportal\/wp-json\/wp\/v2\/comments?post=72594"}],"version-history":[{"count":1,"href":"https:\/\/www.sudoestehoje.com.br\/novoportal\/wp-json\/wp\/v2\/posts\/72594\/revisions"}],"predecessor-version":[{"id":72596,"href":"https:\/\/www.sudoestehoje.com.br\/novoportal\/wp-json\/wp\/v2\/posts\/72594\/revisions\/72596"}],"wp:featuredmedia":[{"embeddable":true,"href":"https:\/\/www.sudoestehoje.com.br\/novoportal\/wp-json\/wp\/v2\/media\/72595"}],"wp:attachment":[{"href":"https:\/\/www.sudoestehoje.com.br\/novoportal\/wp-json\/wp\/v2\/media?parent=72594"}],"wp:term":[{"taxonomy":"category","embeddable":true,"href":"https:\/\/www.sudoestehoje.com.br\/novoportal\/wp-json\/wp\/v2\/categories?post=72594"},{"taxonomy":"post_tag","embeddable":true,"href":"https:\/\/www.sudoestehoje.com.br\/novoportal\/wp-json\/wp\/v2\/tags?post=72594"}],"curies":[{"name":"wp","href":"https:\/\/api.w.org\/{rel}","templated":true}]}}