
{"id":7258,"date":"2011-08-05T00:03:33","date_gmt":"2011-08-05T03:03:33","guid":{"rendered":"http:\/\/www.sudoestehoje.com.br\/novoportal\/?p=7258"},"modified":"2011-08-05T08:09:34","modified_gmt":"2011-08-05T11:09:34","slug":"absurdo-derba-expulsa-barraqueiros-da-azaleia-e-permite-que-fazendeiro-rico-invada-a-ba-263","status":"publish","type":"post","link":"https:\/\/www.sudoestehoje.com.br\/novoportal\/2011\/08\/05\/absurdo-derba-expulsa-barraqueiros-da-azaleia-e-permite-que-fazendeiro-rico-invada-a-ba-263\/","title":{"rendered":"ABSURDO! DERBA EXPULSA BARRAQUEIROS DA AZAL\u00c9IA E PERMITE QUE FAZENDEIRO RICO INVADA A BA-263"},"content":{"rendered":"<p style=\"text-align: center;\"><a href=\"http:\/\/www.sudoestehoje.com.br\/novoportal\/wp-content\/uploads\/2011\/08\/100_5760.jpg\"><img loading=\"lazy\" decoding=\"async\" class=\"aligncenter size-medium wp-image-7260\" title=\"100_5760\" src=\"http:\/\/www.sudoestehoje.com.br\/novoportal\/wp-content\/uploads\/2011\/08\/100_5760-500x375.jpg\" alt=\"\" width=\"500\" height=\"375\" srcset=\"https:\/\/www.sudoestehoje.com.br\/novoportal\/wp-content\/uploads\/2011\/08\/100_5760-500x375.jpg 500w, https:\/\/www.sudoestehoje.com.br\/novoportal\/wp-content\/uploads\/2011\/08\/100_5760-1024x768.jpg 1024w\" sizes=\"auto, (max-width: 500px) 100vw, 500px\" \/><\/a><em><strong>Barraqueiros podem ser expulsos pelo Derba nesta sexta-feira<\/strong><\/em><\/p>\n<p>ITAPETINGA: Os barraqueiros que vendem lanches em frente \u00e0 Azal\u00e9ia est\u00e3o apavorados, pois nesta sexta-feira (5) vence o prazo do ultimato dado pelo Derba, para que eles desocupem o local, que \u00e9 considerada como &#8220;faixa de dom\u00ednio&#8221; da rodovia Ba-263. \u00a0Se n\u00e3o houver uma negocia\u00e7\u00e3o para garantir os interesses dos barraqueiros, muita gente vai ficar na rua da amargura, sem ter de onde tirar o seu sustento.<\/p>\n<p style=\"text-align: center;\"><a href=\"http:\/\/www.sudoestehoje.com.br\/novoportal\/wp-content\/uploads\/2011\/08\/100_5995.jpg\"><img loading=\"lazy\" decoding=\"async\" class=\"aligncenter size-medium wp-image-7262\" title=\"100_5995\" src=\"http:\/\/www.sudoestehoje.com.br\/novoportal\/wp-content\/uploads\/2011\/08\/100_5995-500x375.jpg\" alt=\"\" width=\"500\" height=\"375\" srcset=\"https:\/\/www.sudoestehoje.com.br\/novoportal\/wp-content\/uploads\/2011\/08\/100_5995-500x375.jpg 500w, https:\/\/www.sudoestehoje.com.br\/novoportal\/wp-content\/uploads\/2011\/08\/100_5995-1024x768.jpg 1024w\" sizes=\"auto, (max-width: 500px) 100vw, 500px\" \/><\/a><em><strong>Enquanto isto a faixa de dom\u00ednio da BA-263 \u00e9 invadida, nas barbas do Derba<\/strong><\/em><\/p>\n<p>Por outro lado, o mesmo Derba faz vistas grossas \u00e0 a\u00e7\u00e3o ilegal de um rico fazendeiro, que est\u00e1 invadindo a faixa de dom\u00ednio da mesma rodovia Ba-263, no trecho entre o campi da Uesb e o posto da Pol\u00edcia Rodovi\u00e1ria, cuja cerca de cimento avan\u00e7a at\u00e9 as margens da estrada, numa demonstra\u00e7\u00e3o de total desrespeito \u00e0 lei.<\/p>\n<p>Segundo informou um trabalhador que se encontrava \u00e0s margens da rodovia construindo a cerca, a propriedade rural pertence a parentes do ex-governador<em><strong> Nilo Coelho<\/strong><\/em>, o que tamb\u00e9m foi confirmado por diversos fazendeiros da regi\u00e3o.<\/p>\n<p><a href=\"http:\/\/www.sudoestehoje.com.br\/novoportal\/wp-content\/uploads\/2011\/08\/100_5990.jpg\"><img loading=\"lazy\" decoding=\"async\" class=\"aligncenter size-medium wp-image-7261\" title=\"100_5990\" src=\"http:\/\/www.sudoestehoje.com.br\/novoportal\/wp-content\/uploads\/2011\/08\/100_5990-500x375.jpg\" alt=\"\" width=\"500\" height=\"375\" srcset=\"https:\/\/www.sudoestehoje.com.br\/novoportal\/wp-content\/uploads\/2011\/08\/100_5990-500x375.jpg 500w, https:\/\/www.sudoestehoje.com.br\/novoportal\/wp-content\/uploads\/2011\/08\/100_5990-1024x768.jpg 1024w\" sizes=\"auto, (max-width: 500px) 100vw, 500px\" \/><\/a><\/p>\n<p style=\"text-align: center;\"><em><strong>Engenheiro do Derba recebeu &#8216;ordens superiores&#8217; para n\u00e3o interferir<\/strong><\/em><\/p>\n<p>O <em>Sudoeste Hoje<\/em> obteve informa\u00e7\u00f5es de que o engenheiro do Derba em Itapetinga, Dr. H\u00e9lio, ainda tentou impedir a constru\u00e7\u00e3o da cerca invasora, juntamente com a Pol\u00edcia Rodovi\u00e1ria, mas que teria recebido um telefonema de um diretor do Derba em Salvador, mandando que ele sustasse, imediatamente, qualquer a\u00e7\u00e3o contra o rico fazendeiro, sob fundamentos absurdos.<\/p>\n<p>Vale lembrar que o Derba \u00e9 um \u00f3rg\u00e3o do Governo do Estado da Bahia e que n\u00e3o pode fazer distin\u00e7\u00e3o entre ricos e pobres, tendo o dever de agir, de forma equilibrada e justa, para n\u00e3o prejudicar os pobres barraqueiros da Azal\u00e9ia, nem dar privil\u00e9gios a quem n\u00e3o necessita. Este, definitivamente, n\u00e3o \u00e9 o governo do partido que diz defender os trabalhadores.<\/p>\n<p><em><strong>Por DAVI FERRAZ<\/strong><\/em><\/p>\n","protected":false},"excerpt":{"rendered":"<p>Barraqueiros podem ser expulsos pelo Derba nesta sexta-feira ITAPETINGA: Os barraqueiros que vendem lanches em frente \u00e0 Azal\u00e9ia est\u00e3o apavorados, pois nesta sexta-feira (5) vence o prazo do ultimato dado pelo Derba, para que eles desocupem o local, que \u00e9 considerada como &#8220;faixa de dom\u00ednio&#8221; da rodovia Ba-263. \u00a0Se n\u00e3o houver uma negocia\u00e7\u00e3o para garantir [&hellip;]<\/p>\n","protected":false},"author":2,"featured_media":0,"comment_status":"open","ping_status":"open","sticky":false,"template":"","format":"standard","meta":{"footnotes":"","_links_to":"","_links_to_target":""},"categories":[1],"tags":[],"class_list":["post-7258","post","type-post","status-publish","format-standard","hentry","category-geral"],"views":2621,"_links":{"self":[{"href":"https:\/\/www.sudoestehoje.com.br\/novoportal\/wp-json\/wp\/v2\/posts\/7258","targetHints":{"allow":["GET"]}}],"collection":[{"href":"https:\/\/www.sudoestehoje.com.br\/novoportal\/wp-json\/wp\/v2\/posts"}],"about":[{"href":"https:\/\/www.sudoestehoje.com.br\/novoportal\/wp-json\/wp\/v2\/types\/post"}],"author":[{"embeddable":true,"href":"https:\/\/www.sudoestehoje.com.br\/novoportal\/wp-json\/wp\/v2\/users\/2"}],"replies":[{"embeddable":true,"href":"https:\/\/www.sudoestehoje.com.br\/novoportal\/wp-json\/wp\/v2\/comments?post=7258"}],"version-history":[{"count":8,"href":"https:\/\/www.sudoestehoje.com.br\/novoportal\/wp-json\/wp\/v2\/posts\/7258\/revisions"}],"predecessor-version":[{"id":7267,"href":"https:\/\/www.sudoestehoje.com.br\/novoportal\/wp-json\/wp\/v2\/posts\/7258\/revisions\/7267"}],"wp:attachment":[{"href":"https:\/\/www.sudoestehoje.com.br\/novoportal\/wp-json\/wp\/v2\/media?parent=7258"}],"wp:term":[{"taxonomy":"category","embeddable":true,"href":"https:\/\/www.sudoestehoje.com.br\/novoportal\/wp-json\/wp\/v2\/categories?post=7258"},{"taxonomy":"post_tag","embeddable":true,"href":"https:\/\/www.sudoestehoje.com.br\/novoportal\/wp-json\/wp\/v2\/tags?post=7258"}],"curies":[{"name":"wp","href":"https:\/\/api.w.org\/{rel}","templated":true}]}}