
{"id":72544,"date":"2018-05-29T19:19:43","date_gmt":"2018-05-29T22:19:43","guid":{"rendered":"http:\/\/www.sudoestehoje.com.br\/novoportal\/?p=72544"},"modified":"2018-05-29T19:19:43","modified_gmt":"2018-05-29T22:19:43","slug":"wagner-lidera-pesquisa-para-o-senado-com-472-jutahy-e-o-segundo-com-229","status":"publish","type":"post","link":"https:\/\/www.sudoestehoje.com.br\/novoportal\/2018\/05\/29\/wagner-lidera-pesquisa-para-o-senado-com-472-jutahy-e-o-segundo-com-229\/","title":{"rendered":"WAGNER LIDERA PESQUISA PARA O SENADO COM 47,2%; JUTAHY \u00c9 O SEGUNDO COM 22,9%"},"content":{"rendered":"<p><a href=\"http:\/\/www.sudoestehoje.com.br\/novoportal\/wp-content\/uploads\/2018\/05\/WAGNER-E-JUTAHY.jpg\"><img loading=\"lazy\" decoding=\"async\" class=\"aligncenter size-medium wp-image-72545\" src=\"http:\/\/www.sudoestehoje.com.br\/novoportal\/wp-content\/uploads\/2018\/05\/WAGNER-E-JUTAHY-500x281.jpg\" alt=\"\" width=\"500\" height=\"281\" srcset=\"https:\/\/www.sudoestehoje.com.br\/novoportal\/wp-content\/uploads\/2018\/05\/WAGNER-E-JUTAHY-500x281.jpg 500w, https:\/\/www.sudoestehoje.com.br\/novoportal\/wp-content\/uploads\/2018\/05\/WAGNER-E-JUTAHY-768x431.jpg 768w, https:\/\/www.sudoestehoje.com.br\/novoportal\/wp-content\/uploads\/2018\/05\/WAGNER-E-JUTAHY-700x393.jpg 700w, https:\/\/www.sudoestehoje.com.br\/novoportal\/wp-content\/uploads\/2018\/05\/WAGNER-E-JUTAHY.jpg 890w\" sizes=\"auto, (max-width: 500px) 100vw, 500px\" \/><\/a><\/p>\n<p>Confirmado como pr\u00e9-candidato ao Senado na chapa encabe\u00e7ada pelo governador Rui Costa (PT), o ex-ministro Jaques Wagner (PT) lidera o levantamento do Instituto Paran\u00e1 Pesquisas, divulgado nesta ter\u00e7a-feira (29), para a elei\u00e7\u00e3o do parlamento.<\/p>\n<p>Segundo o instituto, o petista aparece com 47, 2% das inten\u00e7\u00f5es de voto. Sem L\u00eddice da Mata (PSB) na disputa, o deputado federal Jutahy Magalh\u00e3es J\u00fanior (PSDB) surge na segunda posi\u00e7\u00e3o, com 22,9%.<\/p>\n<p>Em terceiro colocado, ainda sem a socialista, est\u00e1 o deputado estadual Angelo Coronel (PSD), com 15,2%. Este \u00faltimo disputa com L\u00eddice pela segunda vaga na chapa majorit\u00e1ria do governo.<\/p>\n<p>A pesquisa ouviu 1.540 eleitores em 68 munic\u00edpios do estado da Bahia, entre os dias 23 e 28 de maio.<\/p>\n","protected":false},"excerpt":{"rendered":"<p>Confirmado como pr\u00e9-candidato ao Senado na chapa encabe\u00e7ada pelo governador Rui Costa (PT), o ex-ministro Jaques Wagner (PT) lidera o levantamento do Instituto Paran\u00e1 Pesquisas, divulgado nesta ter\u00e7a-feira (29), para a elei\u00e7\u00e3o do parlamento. Segundo o instituto, o petista aparece com 47, 2% das inten\u00e7\u00f5es de voto. Sem L\u00eddice da Mata (PSB) na disputa, o [&hellip;]<\/p>\n","protected":false},"author":2,"featured_media":72545,"comment_status":"open","ping_status":"open","sticky":false,"template":"","format":"standard","meta":{"footnotes":"","_links_to":"","_links_to_target":""},"categories":[1],"tags":[],"class_list":["post-72544","post","type-post","status-publish","format-standard","has-post-thumbnail","hentry","category-geral"],"views":1470,"_links":{"self":[{"href":"https:\/\/www.sudoestehoje.com.br\/novoportal\/wp-json\/wp\/v2\/posts\/72544","targetHints":{"allow":["GET"]}}],"collection":[{"href":"https:\/\/www.sudoestehoje.com.br\/novoportal\/wp-json\/wp\/v2\/posts"}],"about":[{"href":"https:\/\/www.sudoestehoje.com.br\/novoportal\/wp-json\/wp\/v2\/types\/post"}],"author":[{"embeddable":true,"href":"https:\/\/www.sudoestehoje.com.br\/novoportal\/wp-json\/wp\/v2\/users\/2"}],"replies":[{"embeddable":true,"href":"https:\/\/www.sudoestehoje.com.br\/novoportal\/wp-json\/wp\/v2\/comments?post=72544"}],"version-history":[{"count":3,"href":"https:\/\/www.sudoestehoje.com.br\/novoportal\/wp-json\/wp\/v2\/posts\/72544\/revisions"}],"predecessor-version":[{"id":72548,"href":"https:\/\/www.sudoestehoje.com.br\/novoportal\/wp-json\/wp\/v2\/posts\/72544\/revisions\/72548"}],"wp:featuredmedia":[{"embeddable":true,"href":"https:\/\/www.sudoestehoje.com.br\/novoportal\/wp-json\/wp\/v2\/media\/72545"}],"wp:attachment":[{"href":"https:\/\/www.sudoestehoje.com.br\/novoportal\/wp-json\/wp\/v2\/media?parent=72544"}],"wp:term":[{"taxonomy":"category","embeddable":true,"href":"https:\/\/www.sudoestehoje.com.br\/novoportal\/wp-json\/wp\/v2\/categories?post=72544"},{"taxonomy":"post_tag","embeddable":true,"href":"https:\/\/www.sudoestehoje.com.br\/novoportal\/wp-json\/wp\/v2\/tags?post=72544"}],"curies":[{"name":"wp","href":"https:\/\/api.w.org\/{rel}","templated":true}]}}