
{"id":7254,"date":"2011-08-04T21:09:41","date_gmt":"2011-08-05T00:09:41","guid":{"rendered":"http:\/\/www.sudoestehoje.com.br\/novoportal\/?p=7254"},"modified":"2011-08-04T21:09:41","modified_gmt":"2011-08-05T00:09:41","slug":"dilma-perde-terceiro-ministro-em-apenas-dois-meses","status":"publish","type":"post","link":"https:\/\/www.sudoestehoje.com.br\/novoportal\/2011\/08\/04\/dilma-perde-terceiro-ministro-em-apenas-dois-meses\/","title":{"rendered":"DILMA PERDE TERCEIRO MINISTRO EM APENAS DOIS MESES"},"content":{"rendered":"<p style=\"text-align: center;\"><img decoding=\"async\" class=\"aligncenter\" src=\"http:\/\/andrenogaroto.files.wordpress.com\/2011\/07\/charge-dilma_demitindo.jpg\" alt=\"\" \/><\/p>\n<p>Em menos de 60 dias, a presidenta\u00a0<a href=\"http:\/\/ultimosegundo.ig.com.br\/dilmarousseff\/\">Dilma Rousseff<\/a> efetuou sua terceira mudan\u00e7a no primeiro escal\u00e3o de sua equipe. Al\u00e9m de demitir Antonio Palocci (PT-SP) da Casa Civil e Alfredo Nascimento (PR-AM) dos Transportes, Dilma pediu nesta quinta-feira ao ministro da Defesa, Nelson Jobim (PMDB-RS), que se afastasse do cargo.\u00a0<a href=\"http:\/\/ultimosegundo.ig.com.br\/politica\/jobim+pede+demissao+celso+amorim+e+o+novo+ministro+da+defesa\/n1597117864233.html\">O ex-chanceler Celso Amorim assumir\u00e1 a pasta<\/a>.<\/p>\n<p>A decis\u00e3o de hoje foi motivada pelas declara\u00e7\u00f5es dadas por Jobim \u00e0 revista Piau\u00ed afirmando que o governo \u00e9 \u201catrapalhado\u201d. Jobim tamb\u00e9m fez cr\u00edticas \u00e0s colegas de Esplanada a ministra das Rela\u00e7\u00f5es Institucionais, Ideli Salvatti (PT-SC), e a ministra-cehfe da Casa Civil, Gleisi Hoffmann (PT-PR).<\/p>\n<p>No dia 7 de junho, Palocci deixou a Casa Civil sob suspeita de ter praticado tr\u00e1fico de influ\u00eancia em favor de sua empresa de consultoria, a Projeto. Ap\u00f3s a queda de Palocci, as den\u00fancias foram, aos poucos, sendo arquivadas, apesar de a oposi\u00e7\u00e3o insistir nos pedidos de investiga\u00e7\u00f5es. Um m\u00eas depois de Palocci,\u00a0<a href=\"http:\/\/ultimosegundo.ig.com.br\/politica\/denuncias+derrubam+segundo+ministro+de+dilma+em+apenas+um+mes\/n1597067188633.html\">caiu o ministro Alfredo Nascimento<\/a>.<\/p>\n<p>A crise em torno do ex-chefe da Casa Civil teve ainda como efeito colateral a substitui\u00e7\u00e3o de mais um integrante do n\u00facleo central do governo &#8211; o ent\u00e3o ministro de Rela\u00e7\u00f5es Institucionais, Luiz S\u00e9rgio. Diante da avalia\u00e7\u00e3o de que a articula\u00e7\u00e3o pol\u00edtica teria de ser fortalecida, a presidenta optou por uma troca entre Luiz S\u00e9rgio e Ideli Salvatti &#8211; a ex-senadora assumiu a pasta de Rela\u00e7\u00f5es Institucionais e o peemedebista foi para o seu lugar, passando a comandar o Minist\u00e9rio da Pesca. <em><strong>IG<\/strong><\/em><\/p>\n","protected":false},"excerpt":{"rendered":"<p>Em menos de 60 dias, a presidenta\u00a0Dilma Rousseff efetuou sua terceira mudan\u00e7a no primeiro escal\u00e3o de sua equipe. Al\u00e9m de demitir Antonio Palocci (PT-SP) da Casa Civil e Alfredo Nascimento (PR-AM) dos Transportes, Dilma pediu nesta quinta-feira ao ministro da Defesa, Nelson Jobim (PMDB-RS), que se afastasse do cargo.\u00a0O ex-chanceler Celso Amorim assumir\u00e1 a pasta. [&hellip;]<\/p>\n","protected":false},"author":2,"featured_media":0,"comment_status":"open","ping_status":"open","sticky":false,"template":"","format":"standard","meta":{"footnotes":"","_links_to":"","_links_to_target":""},"categories":[1],"tags":[],"class_list":["post-7254","post","type-post","status-publish","format-standard","hentry","category-geral"],"views":1113,"_links":{"self":[{"href":"https:\/\/www.sudoestehoje.com.br\/novoportal\/wp-json\/wp\/v2\/posts\/7254","targetHints":{"allow":["GET"]}}],"collection":[{"href":"https:\/\/www.sudoestehoje.com.br\/novoportal\/wp-json\/wp\/v2\/posts"}],"about":[{"href":"https:\/\/www.sudoestehoje.com.br\/novoportal\/wp-json\/wp\/v2\/types\/post"}],"author":[{"embeddable":true,"href":"https:\/\/www.sudoestehoje.com.br\/novoportal\/wp-json\/wp\/v2\/users\/2"}],"replies":[{"embeddable":true,"href":"https:\/\/www.sudoestehoje.com.br\/novoportal\/wp-json\/wp\/v2\/comments?post=7254"}],"version-history":[{"count":3,"href":"https:\/\/www.sudoestehoje.com.br\/novoportal\/wp-json\/wp\/v2\/posts\/7254\/revisions"}],"predecessor-version":[{"id":7257,"href":"https:\/\/www.sudoestehoje.com.br\/novoportal\/wp-json\/wp\/v2\/posts\/7254\/revisions\/7257"}],"wp:attachment":[{"href":"https:\/\/www.sudoestehoje.com.br\/novoportal\/wp-json\/wp\/v2\/media?parent=7254"}],"wp:term":[{"taxonomy":"category","embeddable":true,"href":"https:\/\/www.sudoestehoje.com.br\/novoportal\/wp-json\/wp\/v2\/categories?post=7254"},{"taxonomy":"post_tag","embeddable":true,"href":"https:\/\/www.sudoestehoje.com.br\/novoportal\/wp-json\/wp\/v2\/tags?post=7254"}],"curies":[{"name":"wp","href":"https:\/\/api.w.org\/{rel}","templated":true}]}}