
{"id":72530,"date":"2018-05-29T00:22:56","date_gmt":"2018-05-29T03:22:56","guid":{"rendered":"http:\/\/www.sudoestehoje.com.br\/novoportal\/?p=72530"},"modified":"2018-05-29T00:22:56","modified_gmt":"2018-05-29T03:22:56","slug":"crise-pode-faltar-cerveja-no-pais-devido-ao-bloqueio-nas-estradas","status":"publish","type":"post","link":"https:\/\/www.sudoestehoje.com.br\/novoportal\/2018\/05\/29\/crise-pode-faltar-cerveja-no-pais-devido-ao-bloqueio-nas-estradas\/","title":{"rendered":"CRISE: PODE FALTAR CERVEJA NO PA\u00cdS DEVIDO AO BLOQUEIO NAS ESTRADAS"},"content":{"rendered":"<p><a href=\"http:\/\/www.sudoestehoje.com.br\/novoportal\/wp-content\/uploads\/2018\/05\/CERVEJA.jpg\"><img loading=\"lazy\" decoding=\"async\" class=\"aligncenter size-medium wp-image-72531\" src=\"http:\/\/www.sudoestehoje.com.br\/novoportal\/wp-content\/uploads\/2018\/05\/CERVEJA-500x281.jpg\" alt=\"\" width=\"500\" height=\"281\" srcset=\"https:\/\/www.sudoestehoje.com.br\/novoportal\/wp-content\/uploads\/2018\/05\/CERVEJA-500x281.jpg 500w, https:\/\/www.sudoestehoje.com.br\/novoportal\/wp-content\/uploads\/2018\/05\/CERVEJA.jpg 640w\" sizes=\"auto, (max-width: 500px) 100vw, 500px\" \/><\/a><\/p>\n<p>A distribui\u00e7\u00e3o de cerveja pelo Pa\u00eds tamb\u00e9m est\u00e1 sendo afetada pelos bloqueios feitos nas estradas pelos caminhoneiros que est\u00e3o em greve h\u00e1 oito dias contra o aumento do diesel. Duas das maiores cervejarias em opera\u00e7\u00e3o no Brasil j\u00e1 declararam que est\u00e3o passando por dificuldade de log\u00edstica do transporte de cerveja.<\/p>\n<p>Ao UOL, a Heineken Brasil declarou que suas opera\u00e7\u00f5es foram afetadas, e o abastecimento \u00e0s cidades brasileiras podem ser afetadas. A distribuidora tamb\u00e9m \u00e9 dona de marcas como Eisenbahn, Devassa, Sol, Kaiser, Amstel e Schin.<\/p>\n<p>A companhia afirmou ainda que \u201cest\u00e1 trabalhando para minimizar os impactos da greve para seus fornecedores e clientes\u201d.<\/p>\n","protected":false},"excerpt":{"rendered":"<p>A distribui\u00e7\u00e3o de cerveja pelo Pa\u00eds tamb\u00e9m est\u00e1 sendo afetada pelos bloqueios feitos nas estradas pelos caminhoneiros que est\u00e3o em greve h\u00e1 oito dias contra o aumento do diesel. Duas das maiores cervejarias em opera\u00e7\u00e3o no Brasil j\u00e1 declararam que est\u00e3o passando por dificuldade de log\u00edstica do transporte de cerveja. Ao UOL, a Heineken Brasil [&hellip;]<\/p>\n","protected":false},"author":2,"featured_media":72531,"comment_status":"open","ping_status":"open","sticky":false,"template":"","format":"standard","meta":{"footnotes":"","_links_to":"","_links_to_target":""},"categories":[1],"tags":[],"class_list":["post-72530","post","type-post","status-publish","format-standard","has-post-thumbnail","hentry","category-geral"],"views":2000,"_links":{"self":[{"href":"https:\/\/www.sudoestehoje.com.br\/novoportal\/wp-json\/wp\/v2\/posts\/72530","targetHints":{"allow":["GET"]}}],"collection":[{"href":"https:\/\/www.sudoestehoje.com.br\/novoportal\/wp-json\/wp\/v2\/posts"}],"about":[{"href":"https:\/\/www.sudoestehoje.com.br\/novoportal\/wp-json\/wp\/v2\/types\/post"}],"author":[{"embeddable":true,"href":"https:\/\/www.sudoestehoje.com.br\/novoportal\/wp-json\/wp\/v2\/users\/2"}],"replies":[{"embeddable":true,"href":"https:\/\/www.sudoestehoje.com.br\/novoportal\/wp-json\/wp\/v2\/comments?post=72530"}],"version-history":[{"count":1,"href":"https:\/\/www.sudoestehoje.com.br\/novoportal\/wp-json\/wp\/v2\/posts\/72530\/revisions"}],"predecessor-version":[{"id":72532,"href":"https:\/\/www.sudoestehoje.com.br\/novoportal\/wp-json\/wp\/v2\/posts\/72530\/revisions\/72532"}],"wp:featuredmedia":[{"embeddable":true,"href":"https:\/\/www.sudoestehoje.com.br\/novoportal\/wp-json\/wp\/v2\/media\/72531"}],"wp:attachment":[{"href":"https:\/\/www.sudoestehoje.com.br\/novoportal\/wp-json\/wp\/v2\/media?parent=72530"}],"wp:term":[{"taxonomy":"category","embeddable":true,"href":"https:\/\/www.sudoestehoje.com.br\/novoportal\/wp-json\/wp\/v2\/categories?post=72530"},{"taxonomy":"post_tag","embeddable":true,"href":"https:\/\/www.sudoestehoje.com.br\/novoportal\/wp-json\/wp\/v2\/tags?post=72530"}],"curies":[{"name":"wp","href":"https:\/\/api.w.org\/{rel}","templated":true}]}}