
{"id":72523,"date":"2018-05-28T21:13:04","date_gmt":"2018-05-29T00:13:04","guid":{"rendered":"http:\/\/www.sudoestehoje.com.br\/novoportal\/?p=72523"},"modified":"2018-05-28T21:15:25","modified_gmt":"2018-05-29T00:15:25","slug":"itapetinga-legumes-e-verduras-somem-das-prateleiras-dos-supermercados","status":"publish","type":"post","link":"https:\/\/www.sudoestehoje.com.br\/novoportal\/2018\/05\/28\/itapetinga-legumes-e-verduras-somem-das-prateleiras-dos-supermercados\/","title":{"rendered":"ITAPETINGA: LEGUMES E VERDURAS SOMEM DAS PRATELEIRAS DOS SUPERMERCADOS"},"content":{"rendered":"<p><a href=\"http:\/\/www.sudoestehoje.com.br\/novoportal\/wp-content\/uploads\/2018\/05\/ron-1.jpg\"><img loading=\"lazy\" decoding=\"async\" class=\"aligncenter size-medium wp-image-72524\" src=\"http:\/\/www.sudoestehoje.com.br\/novoportal\/wp-content\/uploads\/2018\/05\/ron-1-500x375.jpg\" alt=\"\" width=\"500\" height=\"375\" srcset=\"https:\/\/www.sudoestehoje.com.br\/novoportal\/wp-content\/uploads\/2018\/05\/ron-1-500x375.jpg 500w, https:\/\/www.sudoestehoje.com.br\/novoportal\/wp-content\/uploads\/2018\/05\/ron-1-768x576.jpg 768w, https:\/\/www.sudoestehoje.com.br\/novoportal\/wp-content\/uploads\/2018\/05\/ron-1-700x525.jpg 700w, https:\/\/www.sudoestehoje.com.br\/novoportal\/wp-content\/uploads\/2018\/05\/ron-1.jpg 960w\" sizes=\"auto, (max-width: 500px) 100vw, 500px\" \/><\/a><\/p>\n<p>Quem foi aos supermercados e mercadinhos de Itapetinga durante o final de semana e nesta segunda-feira (28), uma decep\u00e7\u00e3o: as g\u00f4ndolas onde s\u00e3o expostos verduras, frutas e legumes estavam quase que totalmente vazias, devido \u00e0 crise de abastecimento provocada pela greve dos caminhoneiros.<\/p>\n<p>No maior supermercado da cidade, que costuma fazer promo\u00e7\u00f5es de verduras nas segundas e ter\u00e7as-feiras, nada foi encontrado. Falta tomate, batatinha, cebola e legumes de toda esp\u00e9cie.<\/p>\n<p><a href=\"http:\/\/www.sudoestehoje.com.br\/novoportal\/wp-content\/uploads\/2018\/05\/ron-2.jpg\"><img loading=\"lazy\" decoding=\"async\" class=\"aligncenter size-medium wp-image-72525\" src=\"http:\/\/www.sudoestehoje.com.br\/novoportal\/wp-content\/uploads\/2018\/05\/ron-2-500x375.jpg\" alt=\"\" width=\"500\" height=\"375\" srcset=\"https:\/\/www.sudoestehoje.com.br\/novoportal\/wp-content\/uploads\/2018\/05\/ron-2-500x375.jpg 500w, https:\/\/www.sudoestehoje.com.br\/novoportal\/wp-content\/uploads\/2018\/05\/ron-2-768x576.jpg 768w, https:\/\/www.sudoestehoje.com.br\/novoportal\/wp-content\/uploads\/2018\/05\/ron-2-700x525.jpg 700w, https:\/\/www.sudoestehoje.com.br\/novoportal\/wp-content\/uploads\/2018\/05\/ron-2.jpg 960w\" sizes=\"auto, (max-width: 500px) 100vw, 500px\" \/><\/a><\/p>\n<p>Se a greve continuar, outros g\u00eaneros de primeira necessidade poder\u00e3o faltar na cidade, impactando o dia a dia da popula\u00e7\u00e3o.\u00a0Nos outros supermercados e mercadinhos que comercializam verdura, est\u00e3o na mesma situa\u00e7\u00e3o.<\/p>\n<p>N\u00e3o h\u00e1 previs\u00e3o para normaliza\u00e7\u00e3o do abastecimento em Itapetinga e regi\u00e3o.<\/p>\n<p><strong><em>Reda\u00e7\u00e3o<\/em><\/strong><\/p>\n","protected":false},"excerpt":{"rendered":"<p>Quem foi aos supermercados e mercadinhos de Itapetinga durante o final de semana e nesta segunda-feira (28), uma decep\u00e7\u00e3o: as g\u00f4ndolas onde s\u00e3o expostos verduras, frutas e legumes estavam quase que totalmente vazias, devido \u00e0 crise de abastecimento provocada pela greve dos caminhoneiros. No maior supermercado da cidade, que costuma fazer promo\u00e7\u00f5es de verduras nas [&hellip;]<\/p>\n","protected":false},"author":2,"featured_media":72524,"comment_status":"open","ping_status":"open","sticky":false,"template":"","format":"standard","meta":{"footnotes":"","_links_to":"","_links_to_target":""},"categories":[1],"tags":[],"class_list":["post-72523","post","type-post","status-publish","format-standard","has-post-thumbnail","hentry","category-geral"],"views":1779,"_links":{"self":[{"href":"https:\/\/www.sudoestehoje.com.br\/novoportal\/wp-json\/wp\/v2\/posts\/72523","targetHints":{"allow":["GET"]}}],"collection":[{"href":"https:\/\/www.sudoestehoje.com.br\/novoportal\/wp-json\/wp\/v2\/posts"}],"about":[{"href":"https:\/\/www.sudoestehoje.com.br\/novoportal\/wp-json\/wp\/v2\/types\/post"}],"author":[{"embeddable":true,"href":"https:\/\/www.sudoestehoje.com.br\/novoportal\/wp-json\/wp\/v2\/users\/2"}],"replies":[{"embeddable":true,"href":"https:\/\/www.sudoestehoje.com.br\/novoportal\/wp-json\/wp\/v2\/comments?post=72523"}],"version-history":[{"count":3,"href":"https:\/\/www.sudoestehoje.com.br\/novoportal\/wp-json\/wp\/v2\/posts\/72523\/revisions"}],"predecessor-version":[{"id":72528,"href":"https:\/\/www.sudoestehoje.com.br\/novoportal\/wp-json\/wp\/v2\/posts\/72523\/revisions\/72528"}],"wp:featuredmedia":[{"embeddable":true,"href":"https:\/\/www.sudoestehoje.com.br\/novoportal\/wp-json\/wp\/v2\/media\/72524"}],"wp:attachment":[{"href":"https:\/\/www.sudoestehoje.com.br\/novoportal\/wp-json\/wp\/v2\/media?parent=72523"}],"wp:term":[{"taxonomy":"category","embeddable":true,"href":"https:\/\/www.sudoestehoje.com.br\/novoportal\/wp-json\/wp\/v2\/categories?post=72523"},{"taxonomy":"post_tag","embeddable":true,"href":"https:\/\/www.sudoestehoje.com.br\/novoportal\/wp-json\/wp\/v2\/tags?post=72523"}],"curies":[{"name":"wp","href":"https:\/\/api.w.org\/{rel}","templated":true}]}}