
{"id":72514,"date":"2018-05-28T15:28:36","date_gmt":"2018-05-28T18:28:36","guid":{"rendered":"http:\/\/www.sudoestehoje.com.br\/novoportal\/?p=72514"},"modified":"2018-05-29T00:02:24","modified_gmt":"2018-05-29T03:02:24","slug":"em-pesquisa-realizada-no-mes-de-abril-rui-lidera-disputa-para-o-governo-da-bahia","status":"publish","type":"post","link":"https:\/\/www.sudoestehoje.com.br\/novoportal\/2018\/05\/28\/em-pesquisa-realizada-no-mes-de-abril-rui-lidera-disputa-para-o-governo-da-bahia\/","title":{"rendered":"EM PESQUISA REALIZADA NO M\u00caS DE ABRIL, RUI LIDERA DISPUTA PARA O GOVERNO DA BAHIA"},"content":{"rendered":"<p><a href=\"http:\/\/www.sudoestehoje.com.br\/novoportal\/wp-content\/uploads\/2018\/05\/rui-lidera.jpg\"><img loading=\"lazy\" decoding=\"async\" class=\"aligncenter size-medium wp-image-72515\" src=\"http:\/\/www.sudoestehoje.com.br\/novoportal\/wp-content\/uploads\/2018\/05\/rui-lidera-500x310.jpg\" alt=\"\" width=\"500\" height=\"310\" \/><\/a><\/p>\n<p>Pesquisa do instituto P &amp; A, realizada entre 24 e 30 de abril passado, foi divulgada pela imprensa baiana nesta segunda-feira (28) e indica reelei\u00e7\u00e3o do atual governador da Bahia, Rui Costa (PT), ainda no 1\u00ba turno. A margem de erro da pesquisa \u00e9 de 3 pontos percentuais para mais ou para menos.<\/p>\n<p>O petista pontuou 47,9% das inten\u00e7\u00f5es de voto num 1\u00ba cen\u00e1rio testado de forma estimulada \u2013 quando nomes s\u00e3o apresentados ao entrevistado.<\/p>\n<p>O atual governador obt\u00e9m vantagem de mais de 40 pontos percentuais em rela\u00e7\u00e3o ao 2\u00ba colocado, o ex-prefeito de Feira de Santana (BA), Jos\u00e9 Ronaldo (DEM), que pontuou\u00a06,5%.<\/p>\n<p><span style=\"color: #0000ff;\"><a style=\"color: #0000ff;\" href=\"https:\/\/www.poder360.com.br\/eleicoes\/pesquisa-aponta-reeleicao-de-rui-costa-na-bahia\/\">CONFIRA PESQUISA COMPLETA AQUI<\/a><\/span><\/p>\n","protected":false},"excerpt":{"rendered":"<p>Pesquisa do instituto P &amp; A, realizada entre 24 e 30 de abril passado, foi divulgada pela imprensa baiana nesta segunda-feira (28) e indica reelei\u00e7\u00e3o do atual governador da Bahia, Rui Costa (PT), ainda no 1\u00ba turno. A margem de erro da pesquisa \u00e9 de 3 pontos percentuais para mais ou para menos. O petista [&hellip;]<\/p>\n","protected":false},"author":2,"featured_media":72515,"comment_status":"open","ping_status":"open","sticky":false,"template":"","format":"standard","meta":{"footnotes":"","_links_to":"","_links_to_target":""},"categories":[1],"tags":[],"class_list":["post-72514","post","type-post","status-publish","format-standard","has-post-thumbnail","hentry","category-geral"],"views":1583,"_links":{"self":[{"href":"https:\/\/www.sudoestehoje.com.br\/novoportal\/wp-json\/wp\/v2\/posts\/72514","targetHints":{"allow":["GET"]}}],"collection":[{"href":"https:\/\/www.sudoestehoje.com.br\/novoportal\/wp-json\/wp\/v2\/posts"}],"about":[{"href":"https:\/\/www.sudoestehoje.com.br\/novoportal\/wp-json\/wp\/v2\/types\/post"}],"author":[{"embeddable":true,"href":"https:\/\/www.sudoestehoje.com.br\/novoportal\/wp-json\/wp\/v2\/users\/2"}],"replies":[{"embeddable":true,"href":"https:\/\/www.sudoestehoje.com.br\/novoportal\/wp-json\/wp\/v2\/comments?post=72514"}],"version-history":[{"count":6,"href":"https:\/\/www.sudoestehoje.com.br\/novoportal\/wp-json\/wp\/v2\/posts\/72514\/revisions"}],"predecessor-version":[{"id":72529,"href":"https:\/\/www.sudoestehoje.com.br\/novoportal\/wp-json\/wp\/v2\/posts\/72514\/revisions\/72529"}],"wp:featuredmedia":[{"embeddable":true,"href":"https:\/\/www.sudoestehoje.com.br\/novoportal\/wp-json\/wp\/v2\/media\/72515"}],"wp:attachment":[{"href":"https:\/\/www.sudoestehoje.com.br\/novoportal\/wp-json\/wp\/v2\/media?parent=72514"}],"wp:term":[{"taxonomy":"category","embeddable":true,"href":"https:\/\/www.sudoestehoje.com.br\/novoportal\/wp-json\/wp\/v2\/categories?post=72514"},{"taxonomy":"post_tag","embeddable":true,"href":"https:\/\/www.sudoestehoje.com.br\/novoportal\/wp-json\/wp\/v2\/tags?post=72514"}],"curies":[{"name":"wp","href":"https:\/\/api.w.org\/{rel}","templated":true}]}}