
{"id":72503,"date":"2018-05-27T22:01:16","date_gmt":"2018-05-28T01:01:16","guid":{"rendered":"http:\/\/www.sudoestehoje.com.br\/novoportal\/?p=72503"},"modified":"2018-05-27T22:01:16","modified_gmt":"2018-05-28T01:01:16","slug":"governo-cede-e-preco-do-diesel-vai-ter-reducao-de-46-centavos-por-60-dias","status":"publish","type":"post","link":"https:\/\/www.sudoestehoje.com.br\/novoportal\/2018\/05\/27\/governo-cede-e-preco-do-diesel-vai-ter-reducao-de-46-centavos-por-60-dias\/","title":{"rendered":"GOVERNO CEDE E PRE\u00c7O DO DIESEL VAI TER REDU\u00c7\u00c3O DE 46 CENTAVOS POR 60 DIAS"},"content":{"rendered":"<p><a href=\"http:\/\/www.sudoestehoje.com.br\/novoportal\/wp-content\/uploads\/2018\/05\/temer.jpg\"><img loading=\"lazy\" decoding=\"async\" class=\"aligncenter size-medium wp-image-72504\" src=\"http:\/\/www.sudoestehoje.com.br\/novoportal\/wp-content\/uploads\/2018\/05\/temer-500x281.jpg\" alt=\"\" width=\"500\" height=\"281\" srcset=\"https:\/\/www.sudoestehoje.com.br\/novoportal\/wp-content\/uploads\/2018\/05\/temer-500x281.jpg 500w, https:\/\/www.sudoestehoje.com.br\/novoportal\/wp-content\/uploads\/2018\/05\/temer.jpg 550w\" sizes=\"auto, (max-width: 500px) 100vw, 500px\" \/><\/a><\/p>\n<p>Atrav\u00e9s de pronunciamento em rede nacional de r\u00e1dio e TV, o presidente Michel Temer informou que prop\u00f4s medidas \u00e0s lideran\u00e7as dos caminhoneiros aut\u00f4nomos, para encerrar a paralisa\u00e7\u00e3o que desabasteceu o pa\u00eds.<\/p>\n<p>Dentre as v\u00e1rias medidas anunciadas pelo governo, est\u00e1 a redu\u00e7\u00e3o de R$ 0,46 centavos por litro do \u00f3leo diesel, pelo per\u00edodo de 60 dias. A partir da\u00ed, os reajustes ser\u00e3o mensais.<\/p>\n<div class=\"mc-column content-text active-extra-styles \" data-block-type=\"unstyled\" data-block-weight=\"32\" data-block-id=\"3\">\n<p class=\"content-text__container \" data-track-category=\"Link no Texto\" data-track-links=\"\">Temer tamb\u00e9m anunciou que vai editar uma medida provis\u00f3ria isentando de pagamento de ped\u00e1gio os eixos suspensos de caminh\u00f5es vazios. A medida, de acordo com ele, vale para rodovias federais e estaduais.<\/p>\n<\/div>\n<div class=\"mc-column content-text active-extra-styles \" data-block-type=\"unstyled\" data-block-weight=\"29\" data-block-id=\"4\">\n<p class=\"content-text__container \" data-track-category=\"Link no Texto\" data-track-links=\"\">O objetivo \u00e9 tentar acabar com a paralisa\u00e7\u00e3o de caminhoneiros que entrou no s\u00e9timo dia e provocou uma crise de desabastecimento de combust\u00edveis e alimentos em todo o pa\u00eds.<\/p>\n<\/div>\n<p>O governo atende a algumas das exig\u00eancias de um grupo de caminhoneiros aut\u00f4nomos que n\u00e3o tinha aceitado acordo divulgado na quinta (24) e foi chamado para nova reuni\u00e3o neste domingo no Pal\u00e1cio do Planalto.<\/p>\n<p><strong><em>Reda\u00e7\u00e3o<\/em><\/strong><\/p>\n","protected":false},"excerpt":{"rendered":"<p>Atrav\u00e9s de pronunciamento em rede nacional de r\u00e1dio e TV, o presidente Michel Temer informou que prop\u00f4s medidas \u00e0s lideran\u00e7as dos caminhoneiros aut\u00f4nomos, para encerrar a paralisa\u00e7\u00e3o que desabasteceu o pa\u00eds. Dentre as v\u00e1rias medidas anunciadas pelo governo, est\u00e1 a redu\u00e7\u00e3o de R$ 0,46 centavos por litro do \u00f3leo diesel, pelo per\u00edodo de 60 dias. [&hellip;]<\/p>\n","protected":false},"author":2,"featured_media":72504,"comment_status":"open","ping_status":"open","sticky":false,"template":"","format":"standard","meta":{"footnotes":"","_links_to":"","_links_to_target":""},"categories":[1],"tags":[],"class_list":["post-72503","post","type-post","status-publish","format-standard","has-post-thumbnail","hentry","category-geral"],"views":12843,"_links":{"self":[{"href":"https:\/\/www.sudoestehoje.com.br\/novoportal\/wp-json\/wp\/v2\/posts\/72503","targetHints":{"allow":["GET"]}}],"collection":[{"href":"https:\/\/www.sudoestehoje.com.br\/novoportal\/wp-json\/wp\/v2\/posts"}],"about":[{"href":"https:\/\/www.sudoestehoje.com.br\/novoportal\/wp-json\/wp\/v2\/types\/post"}],"author":[{"embeddable":true,"href":"https:\/\/www.sudoestehoje.com.br\/novoportal\/wp-json\/wp\/v2\/users\/2"}],"replies":[{"embeddable":true,"href":"https:\/\/www.sudoestehoje.com.br\/novoportal\/wp-json\/wp\/v2\/comments?post=72503"}],"version-history":[{"count":1,"href":"https:\/\/www.sudoestehoje.com.br\/novoportal\/wp-json\/wp\/v2\/posts\/72503\/revisions"}],"predecessor-version":[{"id":72505,"href":"https:\/\/www.sudoestehoje.com.br\/novoportal\/wp-json\/wp\/v2\/posts\/72503\/revisions\/72505"}],"wp:featuredmedia":[{"embeddable":true,"href":"https:\/\/www.sudoestehoje.com.br\/novoportal\/wp-json\/wp\/v2\/media\/72504"}],"wp:attachment":[{"href":"https:\/\/www.sudoestehoje.com.br\/novoportal\/wp-json\/wp\/v2\/media?parent=72503"}],"wp:term":[{"taxonomy":"category","embeddable":true,"href":"https:\/\/www.sudoestehoje.com.br\/novoportal\/wp-json\/wp\/v2\/categories?post=72503"},{"taxonomy":"post_tag","embeddable":true,"href":"https:\/\/www.sudoestehoje.com.br\/novoportal\/wp-json\/wp\/v2\/tags?post=72503"}],"curies":[{"name":"wp","href":"https:\/\/api.w.org\/{rel}","templated":true}]}}