
{"id":72487,"date":"2018-05-27T20:26:30","date_gmt":"2018-05-27T23:26:30","guid":{"rendered":"http:\/\/www.sudoestehoje.com.br\/novoportal\/?p=72487"},"modified":"2018-05-27T20:26:30","modified_gmt":"2018-05-27T23:26:30","slug":"aulas-na-uesb-continuam-suspensas-devido-a-paralisacao-dos-caminhoneiros","status":"publish","type":"post","link":"https:\/\/www.sudoestehoje.com.br\/novoportal\/2018\/05\/27\/aulas-na-uesb-continuam-suspensas-devido-a-paralisacao-dos-caminhoneiros\/","title":{"rendered":"AULAS NA UESB CONTINUAM SUSPENSAS DEVIDO \u00c0 PARALISA\u00c7\u00c3O DOS CAMINHONEIROS"},"content":{"rendered":"<p><a href=\"http:\/\/www.sudoestehoje.com.br\/novoportal\/wp-content\/uploads\/2018\/05\/uesb.jpg\"><img loading=\"lazy\" decoding=\"async\" class=\"aligncenter size-medium wp-image-72490\" src=\"http:\/\/www.sudoestehoje.com.br\/novoportal\/wp-content\/uploads\/2018\/05\/uesb-500x291.jpg\" alt=\"\" width=\"500\" height=\"291\" srcset=\"https:\/\/www.sudoestehoje.com.br\/novoportal\/wp-content\/uploads\/2018\/05\/uesb-500x291.jpg 500w, https:\/\/www.sudoestehoje.com.br\/novoportal\/wp-content\/uploads\/2018\/05\/uesb.jpg 640w\" sizes=\"auto, (max-width: 500px) 100vw, 500px\" \/><\/a><\/p>\n<p>Atrav\u00e9s de nota distribu\u00edda \u00e0 imprensa, neste domingo (27), a Uesb informou que devido ao agravamento das condi\u00e7\u00f5es de mobilidade provocado pela paralisa\u00e7\u00e3o dos caminhoneiros, as atividades acad\u00eamicas continuam suspensas em seus tr\u00eas campi (Conquista, Itapetinga e Jequi\u00e9). A suspens\u00e3o permanecer\u00e1 at\u00e9 uma nova avalia\u00e7\u00e3o do contexto na regi\u00e3o Sudoeste.<\/p>\n<p>J\u00e1 as atividades administrativas dever\u00e3o ser retomadas nesta segunda, 28, visto que a Institui\u00e7\u00e3o est\u00e1 em um momento de transi\u00e7\u00e3o de gest\u00e3o. Assim, a Reitoria da Universidade solicita a compreens\u00e3o e o esfor\u00e7o do corpo t\u00e9cnico-administrativo, no sentido de manter o funcionamento das Pr\u00f3-reitorias, Assessorias, Ger\u00eancias, Sub-Ger\u00eancias e Coordena\u00e7\u00f5es. A manuten\u00e7\u00e3o das atividades desses setores \u00e9 fundamental para assegurar a continuidade administrativa da Institui\u00e7\u00e3o.<\/p>\n<p>Dessa forma, os setores envolvidos nos trabalhos da Comiss\u00e3o de Transi\u00e7\u00e3o, bem como os setores estrat\u00e9gicos da Universidade funcionar\u00e3o\u00a0em regime de turn\u00e3o, ou seja, das 8 \u00e0s 14 horas.<\/p>\n<p>A Uesb informa ainda que as Cola\u00e7\u00f5es de Grau, agendadas para acontecerem na Reitoria e nas Assessorias Acad\u00eamicas nesta semana, est\u00e3o mantidas.<\/p>\n","protected":false},"excerpt":{"rendered":"<p>Atrav\u00e9s de nota distribu\u00edda \u00e0 imprensa, neste domingo (27), a Uesb informou que devido ao agravamento das condi\u00e7\u00f5es de mobilidade provocado pela paralisa\u00e7\u00e3o dos caminhoneiros, as atividades acad\u00eamicas continuam suspensas em seus tr\u00eas campi (Conquista, Itapetinga e Jequi\u00e9). A suspens\u00e3o permanecer\u00e1 at\u00e9 uma nova avalia\u00e7\u00e3o do contexto na regi\u00e3o Sudoeste. J\u00e1 as atividades administrativas dever\u00e3o [&hellip;]<\/p>\n","protected":false},"author":2,"featured_media":72490,"comment_status":"open","ping_status":"open","sticky":false,"template":"","format":"standard","meta":{"footnotes":"","_links_to":"","_links_to_target":""},"categories":[1],"tags":[],"class_list":["post-72487","post","type-post","status-publish","format-standard","has-post-thumbnail","hentry","category-geral"],"views":1037,"_links":{"self":[{"href":"https:\/\/www.sudoestehoje.com.br\/novoportal\/wp-json\/wp\/v2\/posts\/72487","targetHints":{"allow":["GET"]}}],"collection":[{"href":"https:\/\/www.sudoestehoje.com.br\/novoportal\/wp-json\/wp\/v2\/posts"}],"about":[{"href":"https:\/\/www.sudoestehoje.com.br\/novoportal\/wp-json\/wp\/v2\/types\/post"}],"author":[{"embeddable":true,"href":"https:\/\/www.sudoestehoje.com.br\/novoportal\/wp-json\/wp\/v2\/users\/2"}],"replies":[{"embeddable":true,"href":"https:\/\/www.sudoestehoje.com.br\/novoportal\/wp-json\/wp\/v2\/comments?post=72487"}],"version-history":[{"count":3,"href":"https:\/\/www.sudoestehoje.com.br\/novoportal\/wp-json\/wp\/v2\/posts\/72487\/revisions"}],"predecessor-version":[{"id":72491,"href":"https:\/\/www.sudoestehoje.com.br\/novoportal\/wp-json\/wp\/v2\/posts\/72487\/revisions\/72491"}],"wp:featuredmedia":[{"embeddable":true,"href":"https:\/\/www.sudoestehoje.com.br\/novoportal\/wp-json\/wp\/v2\/media\/72490"}],"wp:attachment":[{"href":"https:\/\/www.sudoestehoje.com.br\/novoportal\/wp-json\/wp\/v2\/media?parent=72487"}],"wp:term":[{"taxonomy":"category","embeddable":true,"href":"https:\/\/www.sudoestehoje.com.br\/novoportal\/wp-json\/wp\/v2\/categories?post=72487"},{"taxonomy":"post_tag","embeddable":true,"href":"https:\/\/www.sudoestehoje.com.br\/novoportal\/wp-json\/wp\/v2\/tags?post=72487"}],"curies":[{"name":"wp","href":"https:\/\/api.w.org\/{rel}","templated":true}]}}