
{"id":7248,"date":"2011-08-04T20:25:47","date_gmt":"2011-08-04T23:25:47","guid":{"rendered":"http:\/\/www.sudoestehoje.com.br\/novoportal\/?p=7248"},"modified":"2011-08-04T20:25:47","modified_gmt":"2011-08-04T23:25:47","slug":"itambe-recupera-distrito-de-sao-jose-do-colonia-na-justica","status":"publish","type":"post","link":"https:\/\/www.sudoestehoje.com.br\/novoportal\/2011\/08\/04\/itambe-recupera-distrito-de-sao-jose-do-colonia-na-justica\/","title":{"rendered":"ITAMB\u00c9 RECUPERA DISTRITO DE S\u00c3O JOS\u00c9 DO COL\u00d4NIA NA JUSTI\u00c7A"},"content":{"rendered":"<p style=\"text-align: center;\"><a href=\"http:\/\/www.blogdaresenhageral.com.br\/v1\/wp-content\/uploads\/Imagem-304.jpg\"><img loading=\"lazy\" decoding=\"async\" class=\"aligncenter\" title=\"Imagem 304\" src=\"http:\/\/www.blogdaresenhageral.com.br\/v1\/wp-content\/uploads\/Imagem-304-300x201.jpg\" alt=\"\" width=\"300\" height=\"201\" \/><\/a><\/p>\n<p style=\"text-align: center;\"><em><strong>Prefeito de Itamb\u00e9, \u00a0Moacir Andrade, comemora decis\u00e3o da justi\u00e7a<\/strong><\/em><\/p>\n<p>ITAMB\u00c9: Com uma vota\u00e7\u00e3o de 7 a 0, os desembargadores do Tribunal de Justi\u00e7a do Estado da Bahia julgaram procedente o pedido formulado pelo munic\u00edpio de Itamb\u00e9 para reconhecer e declarar a nulidade do ato administrativo praticado pela Secretaria Superintend\u00eancia de Estudos Econ\u00f4micos e Sociais do Estado da Bahia (SEI), que modificou os limites territoriais do munic\u00edpio de Itamb\u00e9, o que implicou na perda do distrito de S\u00e3o Jos\u00e9 do Col\u00f4nia.<\/p>\n<p>No parecer do Tribunal de Justi\u00e7a, foi apontado que o munic\u00edpio de Itamb\u00e9 foi criado pela lei n\u00ba 2042\/27, atrav\u00e9s do desmembramento da \u00e1rea original do munic\u00edpio de Vit\u00f3ria da Conquista. J\u00e1 o Munic\u00edpio de Caatiba tamb\u00e9m advindo do desmembramento da \u00e1rea original do munic\u00edpio de Vit\u00f3ria da Conquista, foi criado pela lei n\u00ba 628\/53. O parecer dos desembargadores apontaram que tal circunst\u00e2ncia j\u00e1 afirma o l\u00f3gico racioc\u00ednio jur\u00eddico que o munic\u00edpio de Caatiba, posteriormente criado por desmembramento de Vit\u00f3ria da Conquista, n\u00e3o poderia conter \u00e1rea j\u00e1 pertencente ao munic\u00edpio de Itamb\u00e9 criado anteriormente.<\/p>\n<p>O distrito de S\u00e3o Jos\u00e9 do Col\u00f4nia passou a ser administrado pelo munic\u00edpio de Caatiba em 1\u00ba de janeiro deste ano, por determina\u00e7\u00e3o da SEI. No \u00faltimo censo populacional realizado em 2010, pelo Instituto Brasileiro de Geografia e Estat\u00edstica (IBGE), a popula\u00e7\u00e3o de S\u00e3o Jos\u00e9 do Col\u00f4nia j\u00e1 foi considerada como de Caatiba. A decis\u00e3o foi recebida com muita tristeza pelos moradores de S\u00e3o Jos\u00e9, que, na ocasi\u00e3o, fizeram reivindica\u00e7\u00f5es, atrav\u00e9s de v\u00e1rias manifesta\u00e7\u00f5es populares.<\/p>\n<p>A partir de ent\u00e3o, para tentar a retomada do territ\u00f3rio de S\u00e3o Jos\u00e9 do Col\u00f4nia, a Prefeitura Municipal de Itamb\u00e9 entrou com uma a\u00e7\u00e3o judicial contra a SEI. A argumenta\u00e7\u00e3o defendida pela Prefeitura sustentou que o distrito sempre foi administrado pelo munic\u00edpio de Itamb\u00e9, como provou a documenta\u00e7\u00e3o avaliada pelo Tribunal de Justi\u00e7a. O Munic\u00edpio tamb\u00e9m argumentou que a medida provocou redu\u00e7\u00e3o da popula\u00e7\u00e3o, implicando na diminui\u00e7\u00e3o de aproximadamente 30% do Fundo de Participa\u00e7\u00e3o dos Munic\u00edpios (FPM).<\/p>\n<p>De acordo com o prefeito Moacir Andrade, que se mostrou confiante ap\u00f3s o julgamento do Tribunal de Justi\u00e7a, o processo n\u00e3o estava baseado apenas nos interesses financeiros mas, sobretudo, na forma\u00e7\u00e3o da identidade cultural dos moradores de S\u00e3o Jos\u00e9 do Col\u00f4nia, que criou ra\u00edzes profundas com o munic\u00edpio de Itamb\u00e9.<\/p>\n<p><strong><em>Por Nicolaia Carneiro\/Jornalista<\/em><\/strong><\/p>\n","protected":false},"excerpt":{"rendered":"<p>Prefeito de Itamb\u00e9, \u00a0Moacir Andrade, comemora decis\u00e3o da justi\u00e7a ITAMB\u00c9: Com uma vota\u00e7\u00e3o de 7 a 0, os desembargadores do Tribunal de Justi\u00e7a do Estado da Bahia julgaram procedente o pedido formulado pelo munic\u00edpio de Itamb\u00e9 para reconhecer e declarar a nulidade do ato administrativo praticado pela Secretaria Superintend\u00eancia de Estudos Econ\u00f4micos e Sociais do [&hellip;]<\/p>\n","protected":false},"author":2,"featured_media":0,"comment_status":"open","ping_status":"open","sticky":false,"template":"","format":"standard","meta":{"footnotes":"","_links_to":"","_links_to_target":""},"categories":[1],"tags":[],"class_list":["post-7248","post","type-post","status-publish","format-standard","hentry","category-geral"],"views":178,"_links":{"self":[{"href":"https:\/\/www.sudoestehoje.com.br\/novoportal\/wp-json\/wp\/v2\/posts\/7248","targetHints":{"allow":["GET"]}}],"collection":[{"href":"https:\/\/www.sudoestehoje.com.br\/novoportal\/wp-json\/wp\/v2\/posts"}],"about":[{"href":"https:\/\/www.sudoestehoje.com.br\/novoportal\/wp-json\/wp\/v2\/types\/post"}],"author":[{"embeddable":true,"href":"https:\/\/www.sudoestehoje.com.br\/novoportal\/wp-json\/wp\/v2\/users\/2"}],"replies":[{"embeddable":true,"href":"https:\/\/www.sudoestehoje.com.br\/novoportal\/wp-json\/wp\/v2\/comments?post=7248"}],"version-history":[{"count":3,"href":"https:\/\/www.sudoestehoje.com.br\/novoportal\/wp-json\/wp\/v2\/posts\/7248\/revisions"}],"predecessor-version":[{"id":7251,"href":"https:\/\/www.sudoestehoje.com.br\/novoportal\/wp-json\/wp\/v2\/posts\/7248\/revisions\/7251"}],"wp:attachment":[{"href":"https:\/\/www.sudoestehoje.com.br\/novoportal\/wp-json\/wp\/v2\/media?parent=7248"}],"wp:term":[{"taxonomy":"category","embeddable":true,"href":"https:\/\/www.sudoestehoje.com.br\/novoportal\/wp-json\/wp\/v2\/categories?post=7248"},{"taxonomy":"post_tag","embeddable":true,"href":"https:\/\/www.sudoestehoje.com.br\/novoportal\/wp-json\/wp\/v2\/tags?post=7248"}],"curies":[{"name":"wp","href":"https:\/\/api.w.org\/{rel}","templated":true}]}}