
{"id":72479,"date":"2018-05-27T18:42:05","date_gmt":"2018-05-27T21:42:05","guid":{"rendered":"http:\/\/www.sudoestehoje.com.br\/novoportal\/?p=72479"},"modified":"2018-05-27T19:14:54","modified_gmt":"2018-05-27T22:14:54","slug":"rui-promete-liberar-rodovias-estaduais-para-facilitar-circulacao-de-mercadorias","status":"publish","type":"post","link":"https:\/\/www.sudoestehoje.com.br\/novoportal\/2018\/05\/27\/rui-promete-liberar-rodovias-estaduais-para-facilitar-circulacao-de-mercadorias\/","title":{"rendered":"RUI PROMETE LIBERAR RODOVIAS ESTADUAIS PARA FACILITAR CIRCULA\u00c7\u00c3O DE MERCADORIAS"},"content":{"rendered":"<p><img loading=\"lazy\" decoding=\"async\" class=\"\" src=\"https:\/\/external.fgnm3-1.fna.fbcdn.net\/safe_image.php?d=AQDW0ScAJGPAOazV&amp;w=476&amp;h=249&amp;url=https%3A%2F%2Fwww.bahianoticias.com.br%2Ffotos%2Fprincipal_noticias%2F222512%2FIMAGEM_NOTICIA_original.jpg&amp;cfs=1&amp;upscale=1&amp;fallback=news_d_placeholder_publisher&amp;sx=0&amp;sy=47&amp;sw=1280&amp;sh=670&amp;_nc_eui2=AeGkh8Gl4J3fOq_WhqrTePKXF8SBKu8Iz6iDJyME0oKhRWbDDEDc9GyqZxCpZvOcs_raINUabb73vxRuDkx_CzYb-pBb1yF8u9bnHyjDXQb5ew&amp;_nc_hash=AQBYeqCB0HB9sMms\" width=\"497\" height=\"260\" \/><\/p>\n<p>O governador Rui Costa prometeu come\u00e7ar a liberar a partir deste domingo (27) as rodovias estaduais para viabilizar a circula\u00e7\u00e3o de mercadorias. Em entrevista coletiva concedida no fim desta manh\u00e3, ele afirmou que o desbloqueio completo pode durar at\u00e9 &#8220;um ou dois dias&#8221;.<\/p>\n<p>Rui apontou que as estradas ficar\u00e3o dispon\u00edveis para \u201cvoltar a abastecer a cidade de Salvador, a regi\u00e3o metropolitana e onde o transporte de combust\u00edveis consiga chegar pelas estradas estaduais&#8221;. &#8220;Vamos pouco a pouco garantindo aquilo que for essencial \u00e0 manuten\u00e7\u00e3o da vida, seja vida humana, seja vida dos animais&#8221;, declarou.<\/p>\n<p>Rui Costa comentou ainda que vai atender a uma das reivindica\u00e7\u00f5es dos caminhoneiros e ir\u00e1 isentar da cobran\u00e7a de ped\u00e1gio sobre o terceiro eixo os caminh\u00f5es que estiverem vazios. &#8220;Quando o caminh\u00e3o estiver vazio e o terceiro eixo estiver levantado, n\u00e3o ser\u00e1 cobrado ped\u00e1gio&#8221;, assegurou. Rui disse que deve oficializar a medida j\u00e1 nesta semana. \/\/BN<\/p>\n","protected":false},"excerpt":{"rendered":"<p>O governador Rui Costa prometeu come\u00e7ar a liberar a partir deste domingo (27) as rodovias estaduais para viabilizar a circula\u00e7\u00e3o de mercadorias. Em entrevista coletiva concedida no fim desta manh\u00e3, ele afirmou que o desbloqueio completo pode durar at\u00e9 &#8220;um ou dois dias&#8221;. Rui apontou que as estradas ficar\u00e3o dispon\u00edveis para \u201cvoltar a abastecer a [&hellip;]<\/p>\n","protected":false},"author":2,"featured_media":72483,"comment_status":"open","ping_status":"open","sticky":false,"template":"","format":"standard","meta":{"footnotes":"","_links_to":"","_links_to_target":""},"categories":[1],"tags":[],"class_list":["post-72479","post","type-post","status-publish","format-standard","has-post-thumbnail","hentry","category-geral"],"views":1017,"_links":{"self":[{"href":"https:\/\/www.sudoestehoje.com.br\/novoportal\/wp-json\/wp\/v2\/posts\/72479","targetHints":{"allow":["GET"]}}],"collection":[{"href":"https:\/\/www.sudoestehoje.com.br\/novoportal\/wp-json\/wp\/v2\/posts"}],"about":[{"href":"https:\/\/www.sudoestehoje.com.br\/novoportal\/wp-json\/wp\/v2\/types\/post"}],"author":[{"embeddable":true,"href":"https:\/\/www.sudoestehoje.com.br\/novoportal\/wp-json\/wp\/v2\/users\/2"}],"replies":[{"embeddable":true,"href":"https:\/\/www.sudoestehoje.com.br\/novoportal\/wp-json\/wp\/v2\/comments?post=72479"}],"version-history":[{"count":6,"href":"https:\/\/www.sudoestehoje.com.br\/novoportal\/wp-json\/wp\/v2\/posts\/72479\/revisions"}],"predecessor-version":[{"id":72486,"href":"https:\/\/www.sudoestehoje.com.br\/novoportal\/wp-json\/wp\/v2\/posts\/72479\/revisions\/72486"}],"wp:featuredmedia":[{"embeddable":true,"href":"https:\/\/www.sudoestehoje.com.br\/novoportal\/wp-json\/wp\/v2\/media\/72483"}],"wp:attachment":[{"href":"https:\/\/www.sudoestehoje.com.br\/novoportal\/wp-json\/wp\/v2\/media?parent=72479"}],"wp:term":[{"taxonomy":"category","embeddable":true,"href":"https:\/\/www.sudoestehoje.com.br\/novoportal\/wp-json\/wp\/v2\/categories?post=72479"},{"taxonomy":"post_tag","embeddable":true,"href":"https:\/\/www.sudoestehoje.com.br\/novoportal\/wp-json\/wp\/v2\/tags?post=72479"}],"curies":[{"name":"wp","href":"https:\/\/api.w.org\/{rel}","templated":true}]}}