
{"id":72474,"date":"2018-05-27T14:54:36","date_gmt":"2018-05-27T17:54:36","guid":{"rendered":"http:\/\/www.sudoestehoje.com.br\/novoportal\/?p=72474"},"modified":"2018-05-27T14:54:36","modified_gmt":"2018-05-27T17:54:36","slug":"itapetinga-esta-sem-gas-de-cozinha-gasolina-e-agua-mineral","status":"publish","type":"post","link":"https:\/\/www.sudoestehoje.com.br\/novoportal\/2018\/05\/27\/itapetinga-esta-sem-gas-de-cozinha-gasolina-e-agua-mineral\/","title":{"rendered":"ITAPETINGA EST\u00c1 SEM G\u00c1S DE COZINHA, GASOLINA E \u00c1GUA MINERAL"},"content":{"rendered":"<p><a href=\"http:\/\/www.sudoestehoje.com.br\/novoportal\/wp-content\/uploads\/2018\/05\/gas-e-agua-.jpg\"><img loading=\"lazy\" decoding=\"async\" class=\"aligncenter size-medium wp-image-72476\" src=\"http:\/\/www.sudoestehoje.com.br\/novoportal\/wp-content\/uploads\/2018\/05\/gas-e-agua--500x333.jpg\" alt=\"\" width=\"500\" height=\"333\" srcset=\"https:\/\/www.sudoestehoje.com.br\/novoportal\/wp-content\/uploads\/2018\/05\/gas-e-agua--500x333.jpg 500w, https:\/\/www.sudoestehoje.com.br\/novoportal\/wp-content\/uploads\/2018\/05\/gas-e-agua-.jpg 640w\" sizes=\"auto, (max-width: 500px) 100vw, 500px\" \/><\/a><\/p>\n<p>Como o Sudoeste Hoje antecipou, n\u00e3o h\u00e1 mais combust\u00edveis nos postos de Itapetinga, nem g\u00e1s de de cozinha nas revendedoras da cidade. Acabou tudo e a popula\u00e7\u00e3o da cidade come\u00e7a a reclamar.<\/p>\n<p>Na manh\u00e3 deste domingo, o editor deste blog percorreu todos os postos da cidade e constatou que apenas no posto da Vila Isabel, havia um pouco de Etanol, com previs\u00e3o de esgotar por volta do meio dia.\u00a0Buj\u00e3o de g\u00e1s, nem pra rem\u00e9dio. \u00c1gua mineral tamb\u00e9m.<\/p>\n<p><a href=\"http:\/\/www.sudoestehoje.com.br\/novoportal\/wp-content\/uploads\/2018\/05\/posto-2-1.jpg\"><img loading=\"lazy\" decoding=\"async\" class=\"aligncenter size-medium wp-image-72475\" src=\"http:\/\/www.sudoestehoje.com.br\/novoportal\/wp-content\/uploads\/2018\/05\/posto-2-1-500x375.jpg\" alt=\"\" width=\"500\" height=\"375\" srcset=\"https:\/\/www.sudoestehoje.com.br\/novoportal\/wp-content\/uploads\/2018\/05\/posto-2-1-500x375.jpg 500w, https:\/\/www.sudoestehoje.com.br\/novoportal\/wp-content\/uploads\/2018\/05\/posto-2-1-768x576.jpg 768w, https:\/\/www.sudoestehoje.com.br\/novoportal\/wp-content\/uploads\/2018\/05\/posto-2-1-700x525.jpg 700w, https:\/\/www.sudoestehoje.com.br\/novoportal\/wp-content\/uploads\/2018\/05\/posto-2-1.jpg 960w\" sizes=\"auto, (max-width: 500px) 100vw, 500px\" \/><\/a><\/p>\n<p>Nos supermercados, alguns g\u00eaneros como verduras e legumes j\u00e1 sumiram das prateleiras. O que resta, os pre\u00e7os est\u00e3o pela hora da morte.<\/p>\n<p>Nas feiras livres, a escassez de g\u00eaneros j\u00e1 foi notada desde ontem, na Central de Abastecimento e neste domingo nas feirinhas do Primavera e Nova Itapetinga.<\/p>\n<p><strong><em>Reda\u00e7\u00e3o\u00a0<\/em><\/strong><\/p>\n","protected":false},"excerpt":{"rendered":"<p>Como o Sudoeste Hoje antecipou, n\u00e3o h\u00e1 mais combust\u00edveis nos postos de Itapetinga, nem g\u00e1s de de cozinha nas revendedoras da cidade. Acabou tudo e a popula\u00e7\u00e3o da cidade come\u00e7a a reclamar. Na manh\u00e3 deste domingo, o editor deste blog percorreu todos os postos da cidade e constatou que apenas no posto da Vila Isabel, [&hellip;]<\/p>\n","protected":false},"author":2,"featured_media":72475,"comment_status":"open","ping_status":"open","sticky":false,"template":"","format":"standard","meta":{"footnotes":"","_links_to":"","_links_to_target":""},"categories":[1],"tags":[],"class_list":["post-72474","post","type-post","status-publish","format-standard","has-post-thumbnail","hentry","category-geral"],"views":2412,"_links":{"self":[{"href":"https:\/\/www.sudoestehoje.com.br\/novoportal\/wp-json\/wp\/v2\/posts\/72474","targetHints":{"allow":["GET"]}}],"collection":[{"href":"https:\/\/www.sudoestehoje.com.br\/novoportal\/wp-json\/wp\/v2\/posts"}],"about":[{"href":"https:\/\/www.sudoestehoje.com.br\/novoportal\/wp-json\/wp\/v2\/types\/post"}],"author":[{"embeddable":true,"href":"https:\/\/www.sudoestehoje.com.br\/novoportal\/wp-json\/wp\/v2\/users\/2"}],"replies":[{"embeddable":true,"href":"https:\/\/www.sudoestehoje.com.br\/novoportal\/wp-json\/wp\/v2\/comments?post=72474"}],"version-history":[{"count":1,"href":"https:\/\/www.sudoestehoje.com.br\/novoportal\/wp-json\/wp\/v2\/posts\/72474\/revisions"}],"predecessor-version":[{"id":72478,"href":"https:\/\/www.sudoestehoje.com.br\/novoportal\/wp-json\/wp\/v2\/posts\/72474\/revisions\/72478"}],"wp:featuredmedia":[{"embeddable":true,"href":"https:\/\/www.sudoestehoje.com.br\/novoportal\/wp-json\/wp\/v2\/media\/72475"}],"wp:attachment":[{"href":"https:\/\/www.sudoestehoje.com.br\/novoportal\/wp-json\/wp\/v2\/media?parent=72474"}],"wp:term":[{"taxonomy":"category","embeddable":true,"href":"https:\/\/www.sudoestehoje.com.br\/novoportal\/wp-json\/wp\/v2\/categories?post=72474"},{"taxonomy":"post_tag","embeddable":true,"href":"https:\/\/www.sudoestehoje.com.br\/novoportal\/wp-json\/wp\/v2\/tags?post=72474"}],"curies":[{"name":"wp","href":"https:\/\/api.w.org\/{rel}","templated":true}]}}