
{"id":72452,"date":"2018-05-26T18:08:57","date_gmt":"2018-05-26T21:08:57","guid":{"rendered":"http:\/\/www.sudoestehoje.com.br\/novoportal\/?p=72452"},"modified":"2018-05-26T18:08:57","modified_gmt":"2018-05-26T21:08:57","slug":"caatiba-tania-ribeiro-participa-da-marcha-em-defesa-dos-municipios-em-brasilia","status":"publish","type":"post","link":"https:\/\/www.sudoestehoje.com.br\/novoportal\/2018\/05\/26\/caatiba-tania-ribeiro-participa-da-marcha-em-defesa-dos-municipios-em-brasilia\/","title":{"rendered":"CAATIBA: T\u00c2NIA RIBEIRO PARTICIPA DA MARCHA EM DEFESA DOS MUNIC\u00cdPIOS EM BRASILIA"},"content":{"rendered":"<p style=\"text-align: justify; line-height: 150%; background: white; margin: 0cm 0cm 4.5pt 0cm;\">\n<p style=\"text-align: justify; line-height: 150%; background: white; margin: 4.5pt 0cm 4.5pt 0cm;\"><a href=\"http:\/\/www.sudoestehoje.com.br\/novoportal\/wp-content\/uploads\/2018\/05\/Marcha-5.jpeg\"><img loading=\"lazy\" decoding=\"async\" class=\"aligncenter size-medium wp-image-72457\" src=\"http:\/\/www.sudoestehoje.com.br\/novoportal\/wp-content\/uploads\/2018\/05\/Marcha-5-500x375.jpeg\" alt=\"\" width=\"500\" height=\"375\" srcset=\"https:\/\/www.sudoestehoje.com.br\/novoportal\/wp-content\/uploads\/2018\/05\/Marcha-5-500x375.jpeg 500w, https:\/\/www.sudoestehoje.com.br\/novoportal\/wp-content\/uploads\/2018\/05\/Marcha-5-768x576.jpeg 768w, https:\/\/www.sudoestehoje.com.br\/novoportal\/wp-content\/uploads\/2018\/05\/Marcha-5-700x525.jpeg 700w, https:\/\/www.sudoestehoje.com.br\/novoportal\/wp-content\/uploads\/2018\/05\/Marcha-5.jpeg 1280w\" sizes=\"auto, (max-width: 500px) 100vw, 500px\" \/><\/a><\/p>\n<p style=\"text-align: justify; line-height: 150%; background: white; margin: 4.5pt 0cm 4.5pt 0cm;\"><span style=\"font-family: 'Arial','sans-serif'; color: #1d2129;\">Entre os dias 21 e 24 de maio, os prefeitos baianos estiveram desembarcados em Bras\u00edlia para participarem da XXI marcha anual que teve como maior objetivo a defesa em prol dos munic\u00edpios. Dentre as diversas pautas foi destacada na programa\u00e7\u00e3o da Marcha, a visita \u00e0 Presidente do Supremo Tribunal Federal (STF), Ministra Carmen L\u00facia, onde foi entregue os baixo- assinados em que gestores<span class=\"textexposedshow\">\u00a0recolheram assinaturas entre os seus representantes locais e da popula\u00e7\u00e3o em favor da redistribui\u00e7\u00e3o dos royalties do petr\u00f3leo entre os munic\u00edpios.<\/span><\/span><\/p>\n<p style=\"text-align: justify; line-height: 150%; background: white; margin: 4.5pt 0cm 4.5pt 0cm;\"><a href=\"http:\/\/www.sudoestehoje.com.br\/novoportal\/wp-content\/uploads\/2018\/05\/marcha-3.jpeg\"><img loading=\"lazy\" decoding=\"async\" class=\"aligncenter size-medium wp-image-72455\" src=\"http:\/\/www.sudoestehoje.com.br\/novoportal\/wp-content\/uploads\/2018\/05\/marcha-3-500x375.jpeg\" alt=\"\" width=\"500\" height=\"375\" srcset=\"https:\/\/www.sudoestehoje.com.br\/novoportal\/wp-content\/uploads\/2018\/05\/marcha-3-500x375.jpeg 500w, https:\/\/www.sudoestehoje.com.br\/novoportal\/wp-content\/uploads\/2018\/05\/marcha-3-768x576.jpeg 768w, https:\/\/www.sudoestehoje.com.br\/novoportal\/wp-content\/uploads\/2018\/05\/marcha-3-700x525.jpeg 700w, https:\/\/www.sudoestehoje.com.br\/novoportal\/wp-content\/uploads\/2018\/05\/marcha-3.jpeg 1280w\" sizes=\"auto, (max-width: 500px) 100vw, 500px\" \/><\/a><\/p>\n<p style=\"text-align: justify; line-height: 150%; background: white; margin: 4.5pt 0cm 4.5pt 0cm;\"><span class=\"textexposedshow\"><span style=\"font-family: 'Arial','sans-serif';\"> <span style=\"color: #1d2129;\">O evento organizado pela UPB- Confedera\u00e7\u00e3o Nacional dos munic\u00edpios, j\u00e1 \u00e9 Considerado como um dos maiores eventos pol\u00edticos do Brasil. A edi\u00e7\u00e3o deste ano contou com a presen\u00e7a de mais de 5 mil participantes entre prefeitos, secret\u00e1rios municipais, vereadores, senadores, governadores, parlamentares estaduais e federais, ministros e do presidente da Rep\u00fablica.<\/span><\/span><\/span><\/p>\n<p style=\"text-align: justify; line-height: 150%; background: white; margin: 4.5pt 0cm 4.5pt 0cm;\"><a href=\"http:\/\/www.sudoestehoje.com.br\/novoportal\/wp-content\/uploads\/2018\/05\/Marcha-1.jpeg\"><img loading=\"lazy\" decoding=\"async\" class=\"aligncenter size-medium wp-image-72453\" src=\"http:\/\/www.sudoestehoje.com.br\/novoportal\/wp-content\/uploads\/2018\/05\/Marcha-1-500x375.jpeg\" alt=\"\" width=\"500\" height=\"375\" srcset=\"https:\/\/www.sudoestehoje.com.br\/novoportal\/wp-content\/uploads\/2018\/05\/Marcha-1-500x375.jpeg 500w, https:\/\/www.sudoestehoje.com.br\/novoportal\/wp-content\/uploads\/2018\/05\/Marcha-1-768x576.jpeg 768w, https:\/\/www.sudoestehoje.com.br\/novoportal\/wp-content\/uploads\/2018\/05\/Marcha-1-700x525.jpeg 700w, https:\/\/www.sudoestehoje.com.br\/novoportal\/wp-content\/uploads\/2018\/05\/Marcha-1.jpeg 1280w\" sizes=\"auto, (max-width: 500px) 100vw, 500px\" \/><\/a><\/p>\n<p style=\"text-align: justify; line-height: 150%; background: white; margin: 4.5pt 0cm 4.5pt 0cm;\"><span style=\"font-family: 'Arial','sans-serif'; color: #1d2129;\"> <span class=\"textexposedshow\">A prefeita de Caatiba T\u00e2nia Ribeiro participou do ato em companhia do vice-prefeito Paulo Paiva e do presidente da C\u00e2mara de vereadores de Caatiba Ronaldo Santos, que al\u00e9m da atua\u00e7\u00e3o na mobiliza\u00e7\u00e3o municipalista, a comitiva de Caatiba usou da oportunidade para articular a\u00e7\u00f5es em diversos seguimentos de interesse do munic\u00edpio em encontros importantes com o deputado estadual Jos\u00e9 Nunes e com o presidente da UPB Eures Ribeiro fazendo desta mobiliza\u00e7\u00e3o democr\u00e1tica um momento oportuno para novos olhares na gest\u00e3o p\u00fablica. <span style=\"color: #0000ff;\">Confira mais fotos &gt;&gt;&gt;\u00a0<\/span><\/span><\/span><!--more--><\/p>\n<p style=\"text-align: justify; line-height: 150%; background: white; margin: 4.5pt 0cm 4.5pt 0cm;\"><a href=\"http:\/\/www.sudoestehoje.com.br\/novoportal\/wp-content\/uploads\/2018\/05\/marcha-2.jpeg\"><img loading=\"lazy\" decoding=\"async\" class=\"aligncenter size-medium wp-image-72454\" src=\"http:\/\/www.sudoestehoje.com.br\/novoportal\/wp-content\/uploads\/2018\/05\/marcha-2-500x667.jpeg\" alt=\"\" width=\"500\" height=\"667\" srcset=\"https:\/\/www.sudoestehoje.com.br\/novoportal\/wp-content\/uploads\/2018\/05\/marcha-2-500x667.jpeg 500w, https:\/\/www.sudoestehoje.com.br\/novoportal\/wp-content\/uploads\/2018\/05\/marcha-2-768x1024.jpeg 768w, https:\/\/www.sudoestehoje.com.br\/novoportal\/wp-content\/uploads\/2018\/05\/marcha-2-675x900.jpeg 675w, https:\/\/www.sudoestehoje.com.br\/novoportal\/wp-content\/uploads\/2018\/05\/marcha-2.jpeg 960w\" sizes=\"auto, (max-width: 500px) 100vw, 500px\" \/><\/a><\/p>\n<p style=\"text-align: justify; line-height: 150%; background: white; margin: 4.5pt 0cm 4.5pt 0cm;\"><a href=\"http:\/\/www.sudoestehoje.com.br\/novoportal\/wp-content\/uploads\/2018\/05\/marcha-4.jpeg\"><img loading=\"lazy\" decoding=\"async\" class=\"aligncenter size-medium wp-image-72456\" src=\"http:\/\/www.sudoestehoje.com.br\/novoportal\/wp-content\/uploads\/2018\/05\/marcha-4-500x375.jpeg\" alt=\"\" width=\"500\" height=\"375\" srcset=\"https:\/\/www.sudoestehoje.com.br\/novoportal\/wp-content\/uploads\/2018\/05\/marcha-4-500x375.jpeg 500w, https:\/\/www.sudoestehoje.com.br\/novoportal\/wp-content\/uploads\/2018\/05\/marcha-4-768x576.jpeg 768w, https:\/\/www.sudoestehoje.com.br\/novoportal\/wp-content\/uploads\/2018\/05\/marcha-4-700x525.jpeg 700w, https:\/\/www.sudoestehoje.com.br\/novoportal\/wp-content\/uploads\/2018\/05\/marcha-4.jpeg 1280w\" sizes=\"auto, (max-width: 500px) 100vw, 500px\" \/><\/a><\/p>\n<p style=\"text-align: justify; line-height: 150%; background: white; margin: 4.5pt 0cm 4.5pt 0cm;\"><span style=\"font-family: 'Arial','sans-serif'; color: #1d2129;\"><span class=\"textexposedshow\">\/\/<\/span><em>Ascom Caatiba<\/em><\/span><\/p>\n","protected":false},"excerpt":{"rendered":"<p>Entre os dias 21 e 24 de maio, os prefeitos baianos estiveram desembarcados em Bras\u00edlia para participarem da XXI marcha anual que teve como maior objetivo a defesa em prol dos munic\u00edpios. Dentre as diversas pautas foi destacada na programa\u00e7\u00e3o da Marcha, a visita \u00e0 Presidente do Supremo Tribunal Federal (STF), Ministra Carmen L\u00facia, onde [&hellip;]<\/p>\n","protected":false},"author":2,"featured_media":72457,"comment_status":"open","ping_status":"open","sticky":false,"template":"","format":"standard","meta":{"footnotes":"","_links_to":"","_links_to_target":""},"categories":[1],"tags":[],"class_list":["post-72452","post","type-post","status-publish","format-standard","has-post-thumbnail","hentry","category-geral"],"views":1486,"_links":{"self":[{"href":"https:\/\/www.sudoestehoje.com.br\/novoportal\/wp-json\/wp\/v2\/posts\/72452","targetHints":{"allow":["GET"]}}],"collection":[{"href":"https:\/\/www.sudoestehoje.com.br\/novoportal\/wp-json\/wp\/v2\/posts"}],"about":[{"href":"https:\/\/www.sudoestehoje.com.br\/novoportal\/wp-json\/wp\/v2\/types\/post"}],"author":[{"embeddable":true,"href":"https:\/\/www.sudoestehoje.com.br\/novoportal\/wp-json\/wp\/v2\/users\/2"}],"replies":[{"embeddable":true,"href":"https:\/\/www.sudoestehoje.com.br\/novoportal\/wp-json\/wp\/v2\/comments?post=72452"}],"version-history":[{"count":3,"href":"https:\/\/www.sudoestehoje.com.br\/novoportal\/wp-json\/wp\/v2\/posts\/72452\/revisions"}],"predecessor-version":[{"id":72460,"href":"https:\/\/www.sudoestehoje.com.br\/novoportal\/wp-json\/wp\/v2\/posts\/72452\/revisions\/72460"}],"wp:featuredmedia":[{"embeddable":true,"href":"https:\/\/www.sudoestehoje.com.br\/novoportal\/wp-json\/wp\/v2\/media\/72457"}],"wp:attachment":[{"href":"https:\/\/www.sudoestehoje.com.br\/novoportal\/wp-json\/wp\/v2\/media?parent=72452"}],"wp:term":[{"taxonomy":"category","embeddable":true,"href":"https:\/\/www.sudoestehoje.com.br\/novoportal\/wp-json\/wp\/v2\/categories?post=72452"},{"taxonomy":"post_tag","embeddable":true,"href":"https:\/\/www.sudoestehoje.com.br\/novoportal\/wp-json\/wp\/v2\/tags?post=72452"}],"curies":[{"name":"wp","href":"https:\/\/api.w.org\/{rel}","templated":true}]}}