
{"id":72437,"date":"2018-05-25T23:03:26","date_gmt":"2018-05-26T02:03:26","guid":{"rendered":"http:\/\/www.sudoestehoje.com.br\/novoportal\/?p=72437"},"modified":"2018-05-25T23:03:26","modified_gmt":"2018-05-26T02:03:26","slug":"joao-santana-cumpre-agenda-em-conquista","status":"publish","type":"post","link":"https:\/\/www.sudoestehoje.com.br\/novoportal\/2018\/05\/25\/joao-santana-cumpre-agenda-em-conquista\/","title":{"rendered":"JO\u00c3O SANTANA CUMPRE AGENDA EM CONQUISTA"},"content":{"rendered":"<div><a href=\"http:\/\/www.sudoestehoje.com.br\/novoportal\/wp-content\/uploads\/2018\/05\/IMG-20180525-WA0021-1.jpg\"><img loading=\"lazy\" decoding=\"async\" class=\"aligncenter size-medium wp-image-72440\" src=\"http:\/\/www.sudoestehoje.com.br\/novoportal\/wp-content\/uploads\/2018\/05\/IMG-20180525-WA0021-1-500x356.jpg\" alt=\"\" width=\"500\" height=\"356\" srcset=\"https:\/\/www.sudoestehoje.com.br\/novoportal\/wp-content\/uploads\/2018\/05\/IMG-20180525-WA0021-1-500x356.jpg 500w, https:\/\/www.sudoestehoje.com.br\/novoportal\/wp-content\/uploads\/2018\/05\/IMG-20180525-WA0021-1-768x547.jpg 768w, https:\/\/www.sudoestehoje.com.br\/novoportal\/wp-content\/uploads\/2018\/05\/IMG-20180525-WA0021-1-700x498.jpg 700w, https:\/\/www.sudoestehoje.com.br\/novoportal\/wp-content\/uploads\/2018\/05\/IMG-20180525-WA0021-1.jpg 1280w\" sizes=\"auto, (max-width: 500px) 100vw, 500px\" \/><\/a><\/div>\n<div>Dando prosseguimento a sua agenda de viagens, o pr\u00e9-candidato ao governo do estado, Jo\u00e3o Santana, esteve nesta sexta-feira, 25, em Vit\u00f3ria da Conquista, onde participou, ao lado do prefeito Herzem Gusm\u00e3o, da abertura da Feira de Im\u00f3veis da Caixa Econ\u00f4mica Federal, no Centro Cultural Glauber Rocha.<\/div>\n<div><\/div>\n<div>Recepcionado pelo vereador e pr\u00e9-candidato a deputado estadual, Gilmar Ferraz, Jo\u00e3o Santana foi bastante solicitado pela imprensa local e conversou com diversos meios de comunica\u00e7\u00e3o. O presidente estadual do MDB tamb\u00e9m deu entrevistas nas R\u00e1dio Brasil FM e na R\u00e1dio Clube FM, com jornalista Humberto Pinheiro.<\/div>\n<div><\/div>\n<div>O emedebista, que estava acompanhado do pr\u00e9-candidato a deputado estadual, Coronel\u00a0 Guimar\u00e3es, ainda encontrou diversas lideran\u00e7as pol\u00edticas da regi\u00e3o, como o ex-deputado federal Elkson Soares, a presidente do MDB municipal, Geane Oliveira, Dr. Arm\u00eanio Santos, Beto Gon\u00e7alves, Lucas da Sa\u00fade, Alcime Barros, e o secret\u00e1rio do Gabinete Civil, Marcos Ferreira, entre outros. \/\/<em>Ascom MDB &#8211; BA<\/em><\/div>\n","protected":false},"excerpt":{"rendered":"<p>Dando prosseguimento a sua agenda de viagens, o pr\u00e9-candidato ao governo do estado, Jo\u00e3o Santana, esteve nesta sexta-feira, 25, em Vit\u00f3ria da Conquista, onde participou, ao lado do prefeito Herzem Gusm\u00e3o, da abertura da Feira de Im\u00f3veis da Caixa Econ\u00f4mica Federal, no Centro Cultural Glauber Rocha. Recepcionado pelo vereador e pr\u00e9-candidato a deputado estadual, Gilmar [&hellip;]<\/p>\n","protected":false},"author":2,"featured_media":72440,"comment_status":"open","ping_status":"open","sticky":false,"template":"","format":"standard","meta":{"footnotes":"","_links_to":"","_links_to_target":""},"categories":[1],"tags":[],"class_list":["post-72437","post","type-post","status-publish","format-standard","has-post-thumbnail","hentry","category-geral"],"views":1041,"_links":{"self":[{"href":"https:\/\/www.sudoestehoje.com.br\/novoportal\/wp-json\/wp\/v2\/posts\/72437","targetHints":{"allow":["GET"]}}],"collection":[{"href":"https:\/\/www.sudoestehoje.com.br\/novoportal\/wp-json\/wp\/v2\/posts"}],"about":[{"href":"https:\/\/www.sudoestehoje.com.br\/novoportal\/wp-json\/wp\/v2\/types\/post"}],"author":[{"embeddable":true,"href":"https:\/\/www.sudoestehoje.com.br\/novoportal\/wp-json\/wp\/v2\/users\/2"}],"replies":[{"embeddable":true,"href":"https:\/\/www.sudoestehoje.com.br\/novoportal\/wp-json\/wp\/v2\/comments?post=72437"}],"version-history":[{"count":2,"href":"https:\/\/www.sudoestehoje.com.br\/novoportal\/wp-json\/wp\/v2\/posts\/72437\/revisions"}],"predecessor-version":[{"id":72441,"href":"https:\/\/www.sudoestehoje.com.br\/novoportal\/wp-json\/wp\/v2\/posts\/72437\/revisions\/72441"}],"wp:featuredmedia":[{"embeddable":true,"href":"https:\/\/www.sudoestehoje.com.br\/novoportal\/wp-json\/wp\/v2\/media\/72440"}],"wp:attachment":[{"href":"https:\/\/www.sudoestehoje.com.br\/novoportal\/wp-json\/wp\/v2\/media?parent=72437"}],"wp:term":[{"taxonomy":"category","embeddable":true,"href":"https:\/\/www.sudoestehoje.com.br\/novoportal\/wp-json\/wp\/v2\/categories?post=72437"},{"taxonomy":"post_tag","embeddable":true,"href":"https:\/\/www.sudoestehoje.com.br\/novoportal\/wp-json\/wp\/v2\/tags?post=72437"}],"curies":[{"name":"wp","href":"https:\/\/api.w.org\/{rel}","templated":true}]}}