
{"id":72420,"date":"2018-05-25T21:49:45","date_gmt":"2018-05-26T00:49:45","guid":{"rendered":"http:\/\/www.sudoestehoje.com.br\/novoportal\/?p=72420"},"modified":"2018-05-25T21:49:45","modified_gmt":"2018-05-26T00:49:45","slug":"dem-e-psdb-anunciam-candidaturas-de-ze-ronaldo-ao-governo-e-jutahy-ao-senado","status":"publish","type":"post","link":"https:\/\/www.sudoestehoje.com.br\/novoportal\/2018\/05\/25\/dem-e-psdb-anunciam-candidaturas-de-ze-ronaldo-ao-governo-e-jutahy-ao-senado\/","title":{"rendered":"DEM E PSDB ANUNCIAM CANDIDATURAS DE Z\u00c9 RONALDO AO GOVERNO E JUTAHY AO SENADO"},"content":{"rendered":"<p class=\"yiv9864227078MsoNormal\"><a href=\"http:\/\/www.sudoestehoje.com.br\/novoportal\/wp-content\/uploads\/2018\/05\/PSDB_DEM.jpg\"><img loading=\"lazy\" decoding=\"async\" class=\"aligncenter size-medium wp-image-72423\" src=\"http:\/\/www.sudoestehoje.com.br\/novoportal\/wp-content\/uploads\/2018\/05\/PSDB_DEM-500x334.jpg\" alt=\"\" width=\"500\" height=\"334\" srcset=\"https:\/\/www.sudoestehoje.com.br\/novoportal\/wp-content\/uploads\/2018\/05\/PSDB_DEM-500x334.jpg 500w, https:\/\/www.sudoestehoje.com.br\/novoportal\/wp-content\/uploads\/2018\/05\/PSDB_DEM-768x513.jpg 768w, https:\/\/www.sudoestehoje.com.br\/novoportal\/wp-content\/uploads\/2018\/05\/PSDB_DEM-700x467.jpg 700w, https:\/\/www.sudoestehoje.com.br\/novoportal\/wp-content\/uploads\/2018\/05\/PSDB_DEM.jpg 800w\" sizes=\"auto, (max-width: 500px) 100vw, 500px\" \/><\/a><\/p>\n<p class=\"yiv9864227078MsoNormal\">Democratas e PSDB anunciaram na manh\u00e3 desta sexta-feira (25), em reuni\u00e3o ocorrida no Hotel Fiesta (em Salvador), que v\u00e3o caminhar juntos nas elei\u00e7\u00f5es de outubro.<\/p>\n<p class=\"yiv9864227078MsoNormal\">Jos\u00e9 Ronaldo, ex-prefeito de Feira de Santana, eleito quatro vezes no primeiro turno, ser\u00e1 o candidato a governador, enquanto, o deputado federal Jutahy Junior concorrer\u00e1 a uma vaga no Senado.<\/p>\n<p class=\"yiv9864227078MsoNormal\">A outra vaga de senador e o pr\u00e9-candidato ao cargo de vice-governador ainda ser\u00e3o definidos com a participa\u00e7\u00e3o de outros partidos ou mesmo das pr\u00f3prias legendas.<\/p>\n<p class=\"yiv9864227078MsoNormal\"><a href=\"http:\/\/www.sudoestehoje.com.br\/novoportal\/wp-content\/uploads\/2018\/05\/PSDB_DEM2.jpg\"><img loading=\"lazy\" decoding=\"async\" class=\"aligncenter size-medium wp-image-72426\" src=\"http:\/\/www.sudoestehoje.com.br\/novoportal\/wp-content\/uploads\/2018\/05\/PSDB_DEM2-500x334.jpg\" alt=\"\" width=\"500\" height=\"334\" srcset=\"https:\/\/www.sudoestehoje.com.br\/novoportal\/wp-content\/uploads\/2018\/05\/PSDB_DEM2-500x334.jpg 500w, https:\/\/www.sudoestehoje.com.br\/novoportal\/wp-content\/uploads\/2018\/05\/PSDB_DEM2-768x513.jpg 768w, https:\/\/www.sudoestehoje.com.br\/novoportal\/wp-content\/uploads\/2018\/05\/PSDB_DEM2-700x467.jpg 700w, https:\/\/www.sudoestehoje.com.br\/novoportal\/wp-content\/uploads\/2018\/05\/PSDB_DEM2.jpg 800w\" sizes=\"auto, (max-width: 500px) 100vw, 500px\" \/><\/a><\/p>\n<p class=\"yiv9864227078MsoNormal\">A uni\u00e3o foi selada na presen\u00e7a do prefeito de Salvador, ACM Neto, postulante inicial ao Executivo estadual, mas que decidiu cumprir o mandato \u00e0 frente da capital baiana.<\/p>\n\n\t\t<style type=\"text\/css\">\n\t\t\t#gallery-1 {\n\t\t\t\tmargin: auto;\n\t\t\t}\n\t\t\t#gallery-1 .gallery-item {\n\t\t\t\tfloat: left;\n\t\t\t\tmargin-top: 10px;\n\t\t\t\ttext-align: center;\n\t\t\t\twidth: 33%;\n\t\t\t}\n\t\t\t#gallery-1 img {\n\t\t\t\tborder: 2px solid #cfcfcf;\n\t\t\t}\n\t\t\t#gallery-1 .gallery-caption {\n\t\t\t\tmargin-left: 0;\n\t\t\t}\n\t\t\t\/* see gallery_shortcode() in wp-includes\/media.php *\/\n\t\t<\/style>\n\t\t<div id='gallery-1' class='gallery galleryid-72420 gallery-columns-3 gallery-size-thumbnail'><dl class='gallery-item'>\n\t\t\t<dt class='gallery-icon landscape'>\n\t\t\t\t<a href='https:\/\/www.sudoestehoje.com.br\/novoportal\/2018\/05\/25\/dem-e-psdb-anunciam-candidaturas-de-ze-ronaldo-ao-governo-e-jutahy-ao-senado\/psdb_dem3\/'><img loading=\"lazy\" decoding=\"async\" width=\"150\" height=\"150\" src=\"https:\/\/www.sudoestehoje.com.br\/novoportal\/wp-content\/uploads\/2018\/05\/PSDB_DEM3-150x150.jpg\" class=\"attachment-thumbnail size-thumbnail\" alt=\"\" \/><\/a>\n\t\t\t<\/dt><\/dl><dl class='gallery-item'>\n\t\t\t<dt class='gallery-icon landscape'>\n\t\t\t\t<a href='https:\/\/www.sudoestehoje.com.br\/novoportal\/2018\/05\/25\/dem-e-psdb-anunciam-candidaturas-de-ze-ronaldo-ao-governo-e-jutahy-ao-senado\/psdb_dem_neto\/'><img loading=\"lazy\" decoding=\"async\" width=\"150\" height=\"150\" src=\"https:\/\/www.sudoestehoje.com.br\/novoportal\/wp-content\/uploads\/2018\/05\/PSDB_DEM_Neto-150x150.jpg\" class=\"attachment-thumbnail size-thumbnail\" alt=\"\" \/><\/a>\n\t\t\t<\/dt><\/dl><dl class='gallery-item'>\n\t\t\t<dt class='gallery-icon landscape'>\n\t\t\t\t<a href='https:\/\/www.sudoestehoje.com.br\/novoportal\/2018\/05\/25\/dem-e-psdb-anunciam-candidaturas-de-ze-ronaldo-ao-governo-e-jutahy-ao-senado\/psdb_dem4\/'><img loading=\"lazy\" decoding=\"async\" width=\"150\" height=\"150\" src=\"https:\/\/www.sudoestehoje.com.br\/novoportal\/wp-content\/uploads\/2018\/05\/PSDB_DEM4-150x150.jpg\" class=\"attachment-thumbnail size-thumbnail\" alt=\"\" \/><\/a>\n\t\t\t<\/dt><\/dl><br style=\"clear: both\" \/>\n\t\t<\/div>\n\n<p class=\"yiv9864227078MsoNormal\">\n","protected":false},"excerpt":{"rendered":"<p>Democratas e PSDB anunciaram na manh\u00e3 desta sexta-feira (25), em reuni\u00e3o ocorrida no Hotel Fiesta (em Salvador), que v\u00e3o caminhar juntos nas elei\u00e7\u00f5es de outubro. Jos\u00e9 Ronaldo, ex-prefeito de Feira de Santana, eleito quatro vezes no primeiro turno, ser\u00e1 o candidato a governador, enquanto, o deputado federal Jutahy Junior concorrer\u00e1 a uma vaga no Senado. [&hellip;]<\/p>\n","protected":false},"author":2,"featured_media":72423,"comment_status":"open","ping_status":"open","sticky":false,"template":"","format":"standard","meta":{"footnotes":"","_links_to":"","_links_to_target":""},"categories":[1],"tags":[],"class_list":["post-72420","post","type-post","status-publish","format-standard","has-post-thumbnail","hentry","category-geral"],"views":1070,"_links":{"self":[{"href":"https:\/\/www.sudoestehoje.com.br\/novoportal\/wp-json\/wp\/v2\/posts\/72420","targetHints":{"allow":["GET"]}}],"collection":[{"href":"https:\/\/www.sudoestehoje.com.br\/novoportal\/wp-json\/wp\/v2\/posts"}],"about":[{"href":"https:\/\/www.sudoestehoje.com.br\/novoportal\/wp-json\/wp\/v2\/types\/post"}],"author":[{"embeddable":true,"href":"https:\/\/www.sudoestehoje.com.br\/novoportal\/wp-json\/wp\/v2\/users\/2"}],"replies":[{"embeddable":true,"href":"https:\/\/www.sudoestehoje.com.br\/novoportal\/wp-json\/wp\/v2\/comments?post=72420"}],"version-history":[{"count":4,"href":"https:\/\/www.sudoestehoje.com.br\/novoportal\/wp-json\/wp\/v2\/posts\/72420\/revisions"}],"predecessor-version":[{"id":72430,"href":"https:\/\/www.sudoestehoje.com.br\/novoportal\/wp-json\/wp\/v2\/posts\/72420\/revisions\/72430"}],"wp:featuredmedia":[{"embeddable":true,"href":"https:\/\/www.sudoestehoje.com.br\/novoportal\/wp-json\/wp\/v2\/media\/72423"}],"wp:attachment":[{"href":"https:\/\/www.sudoestehoje.com.br\/novoportal\/wp-json\/wp\/v2\/media?parent=72420"}],"wp:term":[{"taxonomy":"category","embeddable":true,"href":"https:\/\/www.sudoestehoje.com.br\/novoportal\/wp-json\/wp\/v2\/categories?post=72420"},{"taxonomy":"post_tag","embeddable":true,"href":"https:\/\/www.sudoestehoje.com.br\/novoportal\/wp-json\/wp\/v2\/tags?post=72420"}],"curies":[{"name":"wp","href":"https:\/\/api.w.org\/{rel}","templated":true}]}}