
{"id":7242,"date":"2011-08-04T19:53:31","date_gmt":"2011-08-04T22:53:31","guid":{"rendered":"http:\/\/www.sudoestehoje.com.br\/novoportal\/?p=7242"},"modified":"2011-08-04T20:45:22","modified_gmt":"2011-08-04T23:45:22","slug":"dilma-para-jobim-ou-voce-pede-para-sair-ou-saio-com-voce","status":"publish","type":"post","link":"https:\/\/www.sudoestehoje.com.br\/novoportal\/2011\/08\/04\/dilma-para-jobim-ou-voce-pede-para-sair-ou-saio-com-voce\/","title":{"rendered":"JOBIM DEIXA O MINIST\u00c9RIO DA DEFESA"},"content":{"rendered":"<p style=\"text-align: center;\"><img decoding=\"async\" class=\"aligncenter\" src=\"http:\/\/www.inovacaoaerea.com.br\/sites\/default\/files\/imagecache\/noticias_home\/noticias\/capas\/dilma_jobim.png\" alt=\"Jobim confirma ideia para Secretaria de Avia\u00e7\u00e3o Civil\" \/><\/p>\n<p>Depois de ler a reportagem completa da revista Piau\u00ed, em que o ministro da defesa declarou que a ministra <strong>Ideli Salvatti,\u00a0\u00e9<\/strong><em> &#8220;muito fraquinha&#8221;<\/em><strong> <\/strong>e que\u00a0a chefe da Casa\u00a0Civil<strong>, Gleisi Hoffmann, <\/strong><em>&#8220;sequer conhece Brasilia&#8221;<\/em><strong>, <\/strong>a presidente Dilma<strong> <\/strong>decidiu demitir Nelson Jobim do Minist\u00e9rio da Defesa e pediu para falar com ele por telefone. Depois de ouvir as explica\u00e7\u00f5es de Jobim, Dilma foi dura e direta ao assunto: \u201cOu voc\u00ea pede para sair ou saio com voc\u00ea\u201d. Ap\u00f3s a conversa com Dilma, o ministro Nelson Jobim pediu exonera\u00e7\u00e3o do cargo. No seu lugar, assume o ex-ministro das Rela\u00e7\u00f5es Exteriores, Celso Amorim.<\/p>\n","protected":false},"excerpt":{"rendered":"<p>Depois de ler a reportagem completa da revista Piau\u00ed, em que o ministro da defesa declarou que a ministra Ideli Salvatti,\u00a0\u00e9 &#8220;muito fraquinha&#8221; e que\u00a0a chefe da Casa\u00a0Civil, Gleisi Hoffmann, &#8220;sequer conhece Brasilia&#8221;, a presidente Dilma decidiu demitir Nelson Jobim do Minist\u00e9rio da Defesa e pediu para falar com ele por telefone. Depois de ouvir [&hellip;]<\/p>\n","protected":false},"author":2,"featured_media":0,"comment_status":"open","ping_status":"open","sticky":false,"template":"","format":"standard","meta":{"footnotes":"","_links_to":"","_links_to_target":""},"categories":[1],"tags":[],"class_list":["post-7242","post","type-post","status-publish","format-standard","hentry","category-geral"],"views":1350,"_links":{"self":[{"href":"https:\/\/www.sudoestehoje.com.br\/novoportal\/wp-json\/wp\/v2\/posts\/7242","targetHints":{"allow":["GET"]}}],"collection":[{"href":"https:\/\/www.sudoestehoje.com.br\/novoportal\/wp-json\/wp\/v2\/posts"}],"about":[{"href":"https:\/\/www.sudoestehoje.com.br\/novoportal\/wp-json\/wp\/v2\/types\/post"}],"author":[{"embeddable":true,"href":"https:\/\/www.sudoestehoje.com.br\/novoportal\/wp-json\/wp\/v2\/users\/2"}],"replies":[{"embeddable":true,"href":"https:\/\/www.sudoestehoje.com.br\/novoportal\/wp-json\/wp\/v2\/comments?post=7242"}],"version-history":[{"count":7,"href":"https:\/\/www.sudoestehoje.com.br\/novoportal\/wp-json\/wp\/v2\/posts\/7242\/revisions"}],"predecessor-version":[{"id":7245,"href":"https:\/\/www.sudoestehoje.com.br\/novoportal\/wp-json\/wp\/v2\/posts\/7242\/revisions\/7245"}],"wp:attachment":[{"href":"https:\/\/www.sudoestehoje.com.br\/novoportal\/wp-json\/wp\/v2\/media?parent=7242"}],"wp:term":[{"taxonomy":"category","embeddable":true,"href":"https:\/\/www.sudoestehoje.com.br\/novoportal\/wp-json\/wp\/v2\/categories?post=7242"},{"taxonomy":"post_tag","embeddable":true,"href":"https:\/\/www.sudoestehoje.com.br\/novoportal\/wp-json\/wp\/v2\/tags?post=7242"}],"curies":[{"name":"wp","href":"https:\/\/api.w.org\/{rel}","templated":true}]}}