
{"id":72417,"date":"2018-05-25T21:08:00","date_gmt":"2018-05-26T00:08:00","guid":{"rendered":"http:\/\/www.sudoestehoje.com.br\/novoportal\/?p=72417"},"modified":"2018-05-25T21:08:00","modified_gmt":"2018-05-26T00:08:00","slug":"rui-apoia-decisao-de-temer-de-usar-forcas-federais-para-desobstruir-as-estradas","status":"publish","type":"post","link":"https:\/\/www.sudoestehoje.com.br\/novoportal\/2018\/05\/25\/rui-apoia-decisao-de-temer-de-usar-forcas-federais-para-desobstruir-as-estradas\/","title":{"rendered":"RUI APOIA DECIS\u00c3O DE TEMER DE USAR FOR\u00c7AS FEDERAIS PARA DESOBSTRUIR AS ESTRADAS"},"content":{"rendered":"<p><a href=\"http:\/\/www.sudoestehoje.com.br\/novoportal\/wp-content\/uploads\/2018\/05\/Rui-apoia-temer-ementrevista.png\"><img loading=\"lazy\" decoding=\"async\" class=\"aligncenter size-medium wp-image-72418\" src=\"http:\/\/www.sudoestehoje.com.br\/novoportal\/wp-content\/uploads\/2018\/05\/Rui-apoia-temer-ementrevista-500x300.png\" alt=\"\" width=\"500\" height=\"300\" \/><\/a><\/p>\n<p>O governador Rui Costa, em viagem ao interior do estado, disse, em entrevista para r\u00e1dios de Teixeira de Freitas, Itamaraju e Eun\u00e1polis, que ap\u00f3ia a decis\u00e3o do Presidente Michel de Temer de colocar as for\u00e7as federais para desobstruir as estradas.<\/p>\n<p>Segundo o governador, embora seja contra os reajuste di\u00e1rios da Petrobras, ele aprova a decis\u00e3o do presidente, pois a manifesta\u00e7\u00e3o j\u00e1 est\u00e1 comprometendo setores essenciais, com aeroportos paralisados, falta de combust\u00edvel nas cidades, falta de alimentos e at\u00e9 oxig\u00eanio nos hospitais. Mas reclamou que a Petrobras tenha feito 11 reajustes em 19 dias. A entrevista \u00a0foi transmitida ao vivo no Facebook.<\/p>\n<p>Disse que teve de mandar escoltar os caminh\u00f5es que traziam cloro para purificar a \u00e1gua na Embasa e que essa situa\u00e7\u00e3o n\u00e3o pode continuar. Rui disse ainda que 75% dos manifestantes atendem as empresas e que n\u00e3o representam os caminhoneiros, mas interesses delas.\u00a0<a href=\"http:\/\/bahiaeconomica.com.br\/wp\/2018\/05\/25\/rui-disse-que-temer-nao-teve-coragem-para-demitir-diretoria-da-petrobras\/\">Mas pediu a demiss\u00e3o da diretoria da Petrobras.\u00a0<\/a><\/p>\n","protected":false},"excerpt":{"rendered":"<p>O governador Rui Costa, em viagem ao interior do estado, disse, em entrevista para r\u00e1dios de Teixeira de Freitas, Itamaraju e Eun\u00e1polis, que ap\u00f3ia a decis\u00e3o do Presidente Michel de Temer de colocar as for\u00e7as federais para desobstruir as estradas. Segundo o governador, embora seja contra os reajuste di\u00e1rios da Petrobras, ele aprova a decis\u00e3o [&hellip;]<\/p>\n","protected":false},"author":2,"featured_media":72418,"comment_status":"open","ping_status":"open","sticky":false,"template":"","format":"standard","meta":{"footnotes":"","_links_to":"","_links_to_target":""},"categories":[1],"tags":[],"class_list":["post-72417","post","type-post","status-publish","format-standard","has-post-thumbnail","hentry","category-geral"],"views":1252,"_links":{"self":[{"href":"https:\/\/www.sudoestehoje.com.br\/novoportal\/wp-json\/wp\/v2\/posts\/72417","targetHints":{"allow":["GET"]}}],"collection":[{"href":"https:\/\/www.sudoestehoje.com.br\/novoportal\/wp-json\/wp\/v2\/posts"}],"about":[{"href":"https:\/\/www.sudoestehoje.com.br\/novoportal\/wp-json\/wp\/v2\/types\/post"}],"author":[{"embeddable":true,"href":"https:\/\/www.sudoestehoje.com.br\/novoportal\/wp-json\/wp\/v2\/users\/2"}],"replies":[{"embeddable":true,"href":"https:\/\/www.sudoestehoje.com.br\/novoportal\/wp-json\/wp\/v2\/comments?post=72417"}],"version-history":[{"count":1,"href":"https:\/\/www.sudoestehoje.com.br\/novoportal\/wp-json\/wp\/v2\/posts\/72417\/revisions"}],"predecessor-version":[{"id":72419,"href":"https:\/\/www.sudoestehoje.com.br\/novoportal\/wp-json\/wp\/v2\/posts\/72417\/revisions\/72419"}],"wp:featuredmedia":[{"embeddable":true,"href":"https:\/\/www.sudoestehoje.com.br\/novoportal\/wp-json\/wp\/v2\/media\/72418"}],"wp:attachment":[{"href":"https:\/\/www.sudoestehoje.com.br\/novoportal\/wp-json\/wp\/v2\/media?parent=72417"}],"wp:term":[{"taxonomy":"category","embeddable":true,"href":"https:\/\/www.sudoestehoje.com.br\/novoportal\/wp-json\/wp\/v2\/categories?post=72417"},{"taxonomy":"post_tag","embeddable":true,"href":"https:\/\/www.sudoestehoje.com.br\/novoportal\/wp-json\/wp\/v2\/tags?post=72417"}],"curies":[{"name":"wp","href":"https:\/\/api.w.org\/{rel}","templated":true}]}}