
{"id":72397,"date":"2018-05-25T14:24:15","date_gmt":"2018-05-25T17:24:15","guid":{"rendered":"http:\/\/www.sudoestehoje.com.br\/novoportal\/?p=72397"},"modified":"2018-05-25T14:24:15","modified_gmt":"2018-05-25T17:24:15","slug":"governo-decide-usar-forca-nacional-para-liberar-bloqueio-nas-estradas","status":"publish","type":"post","link":"https:\/\/www.sudoestehoje.com.br\/novoportal\/2018\/05\/25\/governo-decide-usar-forca-nacional-para-liberar-bloqueio-nas-estradas\/","title":{"rendered":"GOVERNO DECIDE USAR FOR\u00c7A NACIONAL PARA LIBERAR BLOQUEIO NAS ESTRADAS"},"content":{"rendered":"<p><a href=\"http:\/\/www.sudoestehoje.com.br\/novoportal\/wp-content\/uploads\/2018\/05\/exercito.jpg\"><img loading=\"lazy\" decoding=\"async\" class=\"aligncenter size-medium wp-image-72398\" src=\"http:\/\/www.sudoestehoje.com.br\/novoportal\/wp-content\/uploads\/2018\/05\/exercito-500x335.jpg\" alt=\"\" width=\"500\" height=\"335\" srcset=\"https:\/\/www.sudoestehoje.com.br\/novoportal\/wp-content\/uploads\/2018\/05\/exercito-500x335.jpg 500w, https:\/\/www.sudoestehoje.com.br\/novoportal\/wp-content\/uploads\/2018\/05\/exercito.jpg 640w\" sizes=\"auto, (max-width: 500px) 100vw, 500px\" \/><\/a><\/p>\n<p>O governo federal decidiu que vai usar as For\u00e7as Armadas para desobstruir as estradas bloqueadas por caminhoneiros. O an\u00fancio ser\u00e1 feito pelo presidente Michel Temer. Al\u00e9m das For\u00e7as, a Pol\u00edcia Rodovi\u00e1ria Federal (PRF), e a Pol\u00edcia Militar, \u201conde for poss\u00edvel\u201d.<\/p>\n<p>A informa\u00e7\u00e3o foi confirmada por fontes no governo.\u00a0<a href=\"https:\/\/blogs.oglobo.globo.com\/agora-na-economia\/post\/comandante-do-exercito-ja-mobiliza-tropas-em-todo-o-pais.html\" target=\"_blank\" rel=\"noopener noreferrer\">O comandante do Ex\u00e9rcito j\u00e1 est\u00e1 mobilizando tropas em todo o pa\u00eds.<\/a><\/p>\n<p>\u2014 A situa\u00e7\u00e3o de abastecimento \u00e9 grave. Acordo de ontem ainda n\u00e3o produziu sinais de que o movimento cedeu. A desobstru\u00e7\u00e3o agora \u00e9 inadi\u00e1vel e tem que ser feita rapidamente \u2014 disse a fonte. \/\/<em>O Globo<\/em><\/p>\n","protected":false},"excerpt":{"rendered":"<p>O governo federal decidiu que vai usar as For\u00e7as Armadas para desobstruir as estradas bloqueadas por caminhoneiros. O an\u00fancio ser\u00e1 feito pelo presidente Michel Temer. Al\u00e9m das For\u00e7as, a Pol\u00edcia Rodovi\u00e1ria Federal (PRF), e a Pol\u00edcia Militar, \u201conde for poss\u00edvel\u201d. A informa\u00e7\u00e3o foi confirmada por fontes no governo.\u00a0O comandante do Ex\u00e9rcito j\u00e1 est\u00e1 mobilizando tropas [&hellip;]<\/p>\n","protected":false},"author":2,"featured_media":72398,"comment_status":"open","ping_status":"open","sticky":false,"template":"","format":"standard","meta":{"footnotes":"","_links_to":"","_links_to_target":""},"categories":[1],"tags":[],"class_list":["post-72397","post","type-post","status-publish","format-standard","has-post-thumbnail","hentry","category-geral"],"views":1135,"_links":{"self":[{"href":"https:\/\/www.sudoestehoje.com.br\/novoportal\/wp-json\/wp\/v2\/posts\/72397","targetHints":{"allow":["GET"]}}],"collection":[{"href":"https:\/\/www.sudoestehoje.com.br\/novoportal\/wp-json\/wp\/v2\/posts"}],"about":[{"href":"https:\/\/www.sudoestehoje.com.br\/novoportal\/wp-json\/wp\/v2\/types\/post"}],"author":[{"embeddable":true,"href":"https:\/\/www.sudoestehoje.com.br\/novoportal\/wp-json\/wp\/v2\/users\/2"}],"replies":[{"embeddable":true,"href":"https:\/\/www.sudoestehoje.com.br\/novoportal\/wp-json\/wp\/v2\/comments?post=72397"}],"version-history":[{"count":1,"href":"https:\/\/www.sudoestehoje.com.br\/novoportal\/wp-json\/wp\/v2\/posts\/72397\/revisions"}],"predecessor-version":[{"id":72399,"href":"https:\/\/www.sudoestehoje.com.br\/novoportal\/wp-json\/wp\/v2\/posts\/72397\/revisions\/72399"}],"wp:featuredmedia":[{"embeddable":true,"href":"https:\/\/www.sudoestehoje.com.br\/novoportal\/wp-json\/wp\/v2\/media\/72398"}],"wp:attachment":[{"href":"https:\/\/www.sudoestehoje.com.br\/novoportal\/wp-json\/wp\/v2\/media?parent=72397"}],"wp:term":[{"taxonomy":"category","embeddable":true,"href":"https:\/\/www.sudoestehoje.com.br\/novoportal\/wp-json\/wp\/v2\/categories?post=72397"},{"taxonomy":"post_tag","embeddable":true,"href":"https:\/\/www.sudoestehoje.com.br\/novoportal\/wp-json\/wp\/v2\/tags?post=72397"}],"curies":[{"name":"wp","href":"https:\/\/api.w.org\/{rel}","templated":true}]}}