
{"id":72382,"date":"2018-05-24T23:52:55","date_gmt":"2018-05-25T02:52:55","guid":{"rendered":"http:\/\/www.sudoestehoje.com.br\/novoportal\/?p=72382"},"modified":"2018-05-24T23:52:55","modified_gmt":"2018-05-25T02:52:55","slug":"governo-e-caminhoneiros-fazem-tregua-para-suspender-paralisacao-por-15-dias","status":"publish","type":"post","link":"https:\/\/www.sudoestehoje.com.br\/novoportal\/2018\/05\/24\/governo-e-caminhoneiros-fazem-tregua-para-suspender-paralisacao-por-15-dias\/","title":{"rendered":"GOVERNO E CAMINHONEIROS FAZEM TR\u00c9GUA PARA SUSPENDER PARALISA\u00c7\u00c3O POR 15 DIAS"},"content":{"rendered":"<p><a href=\"http:\/\/www.sudoestehoje.com.br\/novoportal\/wp-content\/uploads\/2018\/05\/greve.jpg\"><img loading=\"lazy\" decoding=\"async\" class=\"aligncenter size-medium wp-image-72384\" src=\"http:\/\/www.sudoestehoje.com.br\/novoportal\/wp-content\/uploads\/2018\/05\/greve-500x281.jpg\" alt=\"\" width=\"500\" height=\"281\" srcset=\"https:\/\/www.sudoestehoje.com.br\/novoportal\/wp-content\/uploads\/2018\/05\/greve-500x281.jpg 500w, https:\/\/www.sudoestehoje.com.br\/novoportal\/wp-content\/uploads\/2018\/05\/greve-768x432.jpg 768w, https:\/\/www.sudoestehoje.com.br\/novoportal\/wp-content\/uploads\/2018\/05\/greve-700x394.jpg 700w, https:\/\/www.sudoestehoje.com.br\/novoportal\/wp-content\/uploads\/2018\/05\/greve.jpg 1280w\" sizes=\"auto, (max-width: 500px) 100vw, 500px\" \/><\/a><\/p>\n<p>No quarto dia de protestos com graves transtornos \u00e0 popula\u00e7\u00e3o e que deixaram o pa\u00eds ref\u00e9m dos caminhoneiros, o governo anunciou um acordo no qual fez concess\u00f5es aos pedidos da categoria em troca de uma tr\u00e9gua de apenas 15 dias.<\/p>\n<p>Mesmo assim, nem todos os representantes do movimento assinaram o documento. O principal porta-voz dos grevistas nos \u00faltimos dias, a Associa\u00e7\u00e3o Brasileira de Caminhoneiros (Abcam) n\u00e3o concordou com os termos propostos.<\/p>\n<p>O ministro da Casa Civil, Eliseu Padilha, minimizou a falta de consenso e disse que o governo se reunir\u00e1 novamente com os representantes da categoria dentro de 15 dias.<\/p>\n<p>Ao longo do dia, houve sinais de caos, com desabastecimento, disparada de pre\u00e7os de produtos, falta de combust\u00edvel em aeroportos e escassez de rem\u00e9dios em v\u00e1rias cidades do pa\u00eds.<\/p>\n<p>&#8211; N\u00f3s hoje cedemos em tudo que foi solicitado \u2014 resumiu Padilha, que estimou a normaliza\u00e7\u00e3o do abastecimento no pa\u00eds at\u00e9 o fim da semana.<\/p>\n<p>O acordo fechado ap\u00f3s reuni\u00e3o que se estendeu at\u00e9 a noite de ontem entre governo e caminhoneiros prev\u00ea que a al\u00edquota da Cide (Contribui\u00e7\u00e3o de Interven\u00e7\u00e3o no Dom\u00ednio Econ\u00f4mico) sobre o diesel este ano ser\u00e1 zerada. A principal mudan\u00e7a, por\u00e9m, \u00e9 que a redu\u00e7\u00e3o de 10% nos pre\u00e7os do diesel, anunciada na quarta-feira pela Petrobras, ser\u00e1 mantida por 30 dias. \/\/<em>O Globo<\/em><\/p>\n","protected":false},"excerpt":{"rendered":"<p>No quarto dia de protestos com graves transtornos \u00e0 popula\u00e7\u00e3o e que deixaram o pa\u00eds ref\u00e9m dos caminhoneiros, o governo anunciou um acordo no qual fez concess\u00f5es aos pedidos da categoria em troca de uma tr\u00e9gua de apenas 15 dias. Mesmo assim, nem todos os representantes do movimento assinaram o documento. O principal porta-voz dos [&hellip;]<\/p>\n","protected":false},"author":2,"featured_media":72384,"comment_status":"open","ping_status":"open","sticky":false,"template":"","format":"standard","meta":{"footnotes":"","_links_to":"","_links_to_target":""},"categories":[1],"tags":[],"class_list":["post-72382","post","type-post","status-publish","format-standard","has-post-thumbnail","hentry","category-geral"],"views":1171,"_links":{"self":[{"href":"https:\/\/www.sudoestehoje.com.br\/novoportal\/wp-json\/wp\/v2\/posts\/72382","targetHints":{"allow":["GET"]}}],"collection":[{"href":"https:\/\/www.sudoestehoje.com.br\/novoportal\/wp-json\/wp\/v2\/posts"}],"about":[{"href":"https:\/\/www.sudoestehoje.com.br\/novoportal\/wp-json\/wp\/v2\/types\/post"}],"author":[{"embeddable":true,"href":"https:\/\/www.sudoestehoje.com.br\/novoportal\/wp-json\/wp\/v2\/users\/2"}],"replies":[{"embeddable":true,"href":"https:\/\/www.sudoestehoje.com.br\/novoportal\/wp-json\/wp\/v2\/comments?post=72382"}],"version-history":[{"count":2,"href":"https:\/\/www.sudoestehoje.com.br\/novoportal\/wp-json\/wp\/v2\/posts\/72382\/revisions"}],"predecessor-version":[{"id":72385,"href":"https:\/\/www.sudoestehoje.com.br\/novoportal\/wp-json\/wp\/v2\/posts\/72382\/revisions\/72385"}],"wp:featuredmedia":[{"embeddable":true,"href":"https:\/\/www.sudoestehoje.com.br\/novoportal\/wp-json\/wp\/v2\/media\/72384"}],"wp:attachment":[{"href":"https:\/\/www.sudoestehoje.com.br\/novoportal\/wp-json\/wp\/v2\/media?parent=72382"}],"wp:term":[{"taxonomy":"category","embeddable":true,"href":"https:\/\/www.sudoestehoje.com.br\/novoportal\/wp-json\/wp\/v2\/categories?post=72382"},{"taxonomy":"post_tag","embeddable":true,"href":"https:\/\/www.sudoestehoje.com.br\/novoportal\/wp-json\/wp\/v2\/tags?post=72382"}],"curies":[{"name":"wp","href":"https:\/\/api.w.org\/{rel}","templated":true}]}}