
{"id":72366,"date":"2018-05-24T10:03:43","date_gmt":"2018-05-24T13:03:43","guid":{"rendered":"http:\/\/www.sudoestehoje.com.br\/novoportal\/?p=72366"},"modified":"2018-05-25T00:14:20","modified_gmt":"2018-05-25T03:14:20","slug":"pre-candidato-ao-governo-joao-santana-cumpre-agenda-em-itapetinga","status":"publish","type":"post","link":"https:\/\/www.sudoestehoje.com.br\/novoportal\/2018\/05\/24\/pre-candidato-ao-governo-joao-santana-cumpre-agenda-em-itapetinga\/","title":{"rendered":"PR\u00c9-CANDIDATO AO GOVERNO, JO\u00c3O SANTANA CUMPRE AGENDA EM ITAPETINGA"},"content":{"rendered":"<p class=\"yiv7085939245MsoNormal\"><a href=\"http:\/\/www.sudoestehoje.com.br\/novoportal\/wp-content\/uploads\/2018\/05\/Jo\u00e3o-Santana_foto-divulga\u00e7\u00e3o-1.jpg\"><img loading=\"lazy\" decoding=\"async\" class=\"aligncenter size-medium wp-image-72386\" src=\"http:\/\/www.sudoestehoje.com.br\/novoportal\/wp-content\/uploads\/2018\/05\/Jo\u00e3o-Santana_foto-divulga\u00e7\u00e3o-1-500x386.jpg\" alt=\"\" width=\"500\" height=\"386\" srcset=\"https:\/\/www.sudoestehoje.com.br\/novoportal\/wp-content\/uploads\/2018\/05\/Jo\u00e3o-Santana_foto-divulga\u00e7\u00e3o-1-500x386.jpg 500w, https:\/\/www.sudoestehoje.com.br\/novoportal\/wp-content\/uploads\/2018\/05\/Jo\u00e3o-Santana_foto-divulga\u00e7\u00e3o-1-768x593.jpg 768w, https:\/\/www.sudoestehoje.com.br\/novoportal\/wp-content\/uploads\/2018\/05\/Jo\u00e3o-Santana_foto-divulga\u00e7\u00e3o-1-700x540.jpg 700w, https:\/\/www.sudoestehoje.com.br\/novoportal\/wp-content\/uploads\/2018\/05\/Jo\u00e3o-Santana_foto-divulga\u00e7\u00e3o-1.jpg 1024w\" sizes=\"auto, (max-width: 500px) 100vw, 500px\" \/><\/a><\/p>\n<p class=\"yiv7085939245MsoNormal\">O presidente estadual do MDB, Jo\u00e3o Santana, segue com sua agenda de viagens na pr\u00e9-campanha ao governo da Bahia e visita nos pr\u00f3ximos dias munic\u00edpios da regi\u00e3o do sudoeste e do centro-norte baiano.<\/p>\n<p class=\"yiv7085939245MsoNormal\">Nesta quinta-feira, 24, o emedebista chega a Jequi\u00e9 onde participa da 39\u00aa Exposi\u00e7\u00e3o Agropecu\u00e1ria, Industrial e Comercial e da 16\u00aa Exposi\u00e7\u00e3o Nacional, no Parque de Exposi\u00e7\u00f5es Luiz Carlos Braga.<\/p>\n<p class=\"yiv7085939245MsoNormal\">De Jequi\u00e9, o pr\u00e9-candidato segue para Vit\u00f3ria da Conquista na sexta-feira, 25, onde se encontrar\u00e1 com o prefeito Herzem Gusm\u00e3o e diversas lideran\u00e7as da regi\u00e3o para conversar sobre a situa\u00e7\u00e3o atual dos munic\u00edpios e do estado como um todo.<\/p>\n<p class=\"yiv7085939245MsoNormal\">J\u00e1 no s\u00e1bado, 26, Santana viaja para Itapetinga para um encontro com lideran\u00e7as locais onde contar\u00e1 tamb\u00e9m com a presen\u00e7a do prefeito Rodrigo Hagge e de Michel Hagge, lideran\u00e7a hist\u00f3rica da regi\u00e3o.<\/p>\n<p class=\"yiv7085939245MsoNormal\">O encontro est\u00e1 marcado para as 10h, na C\u00e2mara de Vereadores de Itapetinga. \/\/<em>Ascom MDB<\/em><\/p>\n","protected":false},"excerpt":{"rendered":"<p>O presidente estadual do MDB, Jo\u00e3o Santana, segue com sua agenda de viagens na pr\u00e9-campanha ao governo da Bahia e visita nos pr\u00f3ximos dias munic\u00edpios da regi\u00e3o do sudoeste e do centro-norte baiano. Nesta quinta-feira, 24, o emedebista chega a Jequi\u00e9 onde participa da 39\u00aa Exposi\u00e7\u00e3o Agropecu\u00e1ria, Industrial e Comercial e da 16\u00aa Exposi\u00e7\u00e3o Nacional, [&hellip;]<\/p>\n","protected":false},"author":2,"featured_media":72386,"comment_status":"open","ping_status":"open","sticky":false,"template":"","format":"standard","meta":{"footnotes":"","_links_to":"","_links_to_target":""},"categories":[1],"tags":[],"class_list":["post-72366","post","type-post","status-publish","format-standard","has-post-thumbnail","hentry","category-geral"],"views":1201,"_links":{"self":[{"href":"https:\/\/www.sudoestehoje.com.br\/novoportal\/wp-json\/wp\/v2\/posts\/72366","targetHints":{"allow":["GET"]}}],"collection":[{"href":"https:\/\/www.sudoestehoje.com.br\/novoportal\/wp-json\/wp\/v2\/posts"}],"about":[{"href":"https:\/\/www.sudoestehoje.com.br\/novoportal\/wp-json\/wp\/v2\/types\/post"}],"author":[{"embeddable":true,"href":"https:\/\/www.sudoestehoje.com.br\/novoportal\/wp-json\/wp\/v2\/users\/2"}],"replies":[{"embeddable":true,"href":"https:\/\/www.sudoestehoje.com.br\/novoportal\/wp-json\/wp\/v2\/comments?post=72366"}],"version-history":[{"count":3,"href":"https:\/\/www.sudoestehoje.com.br\/novoportal\/wp-json\/wp\/v2\/posts\/72366\/revisions"}],"predecessor-version":[{"id":72389,"href":"https:\/\/www.sudoestehoje.com.br\/novoportal\/wp-json\/wp\/v2\/posts\/72366\/revisions\/72389"}],"wp:featuredmedia":[{"embeddable":true,"href":"https:\/\/www.sudoestehoje.com.br\/novoportal\/wp-json\/wp\/v2\/media\/72386"}],"wp:attachment":[{"href":"https:\/\/www.sudoestehoje.com.br\/novoportal\/wp-json\/wp\/v2\/media?parent=72366"}],"wp:term":[{"taxonomy":"category","embeddable":true,"href":"https:\/\/www.sudoestehoje.com.br\/novoportal\/wp-json\/wp\/v2\/categories?post=72366"},{"taxonomy":"post_tag","embeddable":true,"href":"https:\/\/www.sudoestehoje.com.br\/novoportal\/wp-json\/wp\/v2\/tags?post=72366"}],"curies":[{"name":"wp","href":"https:\/\/api.w.org\/{rel}","templated":true}]}}