
{"id":72363,"date":"2018-05-23T20:37:20","date_gmt":"2018-05-23T23:37:20","guid":{"rendered":"http:\/\/www.sudoestehoje.com.br\/novoportal\/?p=72363"},"modified":"2018-05-23T20:37:20","modified_gmt":"2018-05-23T23:37:20","slug":"sob-pressao-petrobras-reduz-o-preco-do-diesel-em-10-nas-refinarias","status":"publish","type":"post","link":"https:\/\/www.sudoestehoje.com.br\/novoportal\/2018\/05\/23\/sob-pressao-petrobras-reduz-o-preco-do-diesel-em-10-nas-refinarias\/","title":{"rendered":"SOB PRESS\u00c3O, PETROBRAS REDUZ O PRE\u00c7O DO DIESEL EM 10% NAS REFINARIAS"},"content":{"rendered":"<p><a href=\"http:\/\/www.sudoestehoje.com.br\/novoportal\/wp-content\/uploads\/2018\/05\/greve-de-caminhoneiros.jpg\"><img loading=\"lazy\" decoding=\"async\" class=\"aligncenter size-medium wp-image-72364\" src=\"http:\/\/www.sudoestehoje.com.br\/novoportal\/wp-content\/uploads\/2018\/05\/greve-de-caminhoneiros-500x339.jpg\" alt=\"\" width=\"500\" height=\"339\" srcset=\"https:\/\/www.sudoestehoje.com.br\/novoportal\/wp-content\/uploads\/2018\/05\/greve-de-caminhoneiros-500x339.jpg 500w, https:\/\/www.sudoestehoje.com.br\/novoportal\/wp-content\/uploads\/2018\/05\/greve-de-caminhoneiros.jpg 620w\" sizes=\"auto, (max-width: 500px) 100vw, 500px\" \/><\/a><\/p>\n<p>O presidente da\u00a0Petrobras,\u00a0Pedro Parente, anunciou hoje que reduzir\u00e1 o pre\u00e7o do diesel<a href=\"https:\/\/veja.abril.com.br\/noticias-sobre\/diesel\/\">\u00a0<\/a>nas refinarias por 10% por um per\u00edodo de\u00a015 dias. A medida foi anunciada em um momento em que a estatal \u00e9 pressionada pela\u00a0greve dos caminhoneiros, iniciada na segunda-feira, contra o pre\u00e7o do diesel, que acumula uma alta de mais de 50% desde que a empresa adotou uma nova pol\u00edtica de pre\u00e7os baseada no mercado internacional.<\/p>\n<p>\u201cSer\u00e3o 15 dias para desanuviar o ambiente e poder trabalhar. Esse \u00e9 o tempo para o governo negociar com os caminhoneiros\u201d, afirmou Parente.<\/p>\n<div class=\"teads-inread\"><\/div>\n<p>A redu\u00e7\u00e3o de 10% equivalente a 0,2335 centavos por litro no valor m\u00e9dio do diesel comercializado em suas refinarias. Isso significa, segundo a Petrobras, o pre\u00e7o m\u00e9dio de venda nas refinarias ser\u00e1 de 2,1016 reais por litro.<\/p>\n<p>A paralisa\u00e7\u00e3o j\u00e1 afetou v\u00e1rios setores da economia, como abastecimento de supermercados, entrega de legumes, verduras, produ\u00e7\u00e3o de carnes, latic\u00ednios e ve\u00edculos. Empresas de \u00f4nibus n\u00e3o t\u00eam combust\u00edvel para operar nos pr\u00f3ximos dias. Alguns aeroportos tamb\u00e9m sofrem com a falta de querosene de avia\u00e7\u00e3o, caso do de Bras\u00edlia (DF). \/\/<em>Veja<\/em><\/p>\n","protected":false},"excerpt":{"rendered":"<p>O presidente da\u00a0Petrobras,\u00a0Pedro Parente, anunciou hoje que reduzir\u00e1 o pre\u00e7o do diesel\u00a0nas refinarias por 10% por um per\u00edodo de\u00a015 dias. A medida foi anunciada em um momento em que a estatal \u00e9 pressionada pela\u00a0greve dos caminhoneiros, iniciada na segunda-feira, contra o pre\u00e7o do diesel, que acumula uma alta de mais de 50% desde que a [&hellip;]<\/p>\n","protected":false},"author":2,"featured_media":72364,"comment_status":"open","ping_status":"open","sticky":false,"template":"","format":"standard","meta":{"footnotes":"","_links_to":"","_links_to_target":""},"categories":[1],"tags":[],"class_list":["post-72363","post","type-post","status-publish","format-standard","has-post-thumbnail","hentry","category-geral"],"views":1173,"_links":{"self":[{"href":"https:\/\/www.sudoestehoje.com.br\/novoportal\/wp-json\/wp\/v2\/posts\/72363","targetHints":{"allow":["GET"]}}],"collection":[{"href":"https:\/\/www.sudoestehoje.com.br\/novoportal\/wp-json\/wp\/v2\/posts"}],"about":[{"href":"https:\/\/www.sudoestehoje.com.br\/novoportal\/wp-json\/wp\/v2\/types\/post"}],"author":[{"embeddable":true,"href":"https:\/\/www.sudoestehoje.com.br\/novoportal\/wp-json\/wp\/v2\/users\/2"}],"replies":[{"embeddable":true,"href":"https:\/\/www.sudoestehoje.com.br\/novoportal\/wp-json\/wp\/v2\/comments?post=72363"}],"version-history":[{"count":1,"href":"https:\/\/www.sudoestehoje.com.br\/novoportal\/wp-json\/wp\/v2\/posts\/72363\/revisions"}],"predecessor-version":[{"id":72365,"href":"https:\/\/www.sudoestehoje.com.br\/novoportal\/wp-json\/wp\/v2\/posts\/72363\/revisions\/72365"}],"wp:featuredmedia":[{"embeddable":true,"href":"https:\/\/www.sudoestehoje.com.br\/novoportal\/wp-json\/wp\/v2\/media\/72364"}],"wp:attachment":[{"href":"https:\/\/www.sudoestehoje.com.br\/novoportal\/wp-json\/wp\/v2\/media?parent=72363"}],"wp:term":[{"taxonomy":"category","embeddable":true,"href":"https:\/\/www.sudoestehoje.com.br\/novoportal\/wp-json\/wp\/v2\/categories?post=72363"},{"taxonomy":"post_tag","embeddable":true,"href":"https:\/\/www.sudoestehoje.com.br\/novoportal\/wp-json\/wp\/v2\/tags?post=72363"}],"curies":[{"name":"wp","href":"https:\/\/api.w.org\/{rel}","templated":true}]}}