
{"id":72351,"date":"2018-05-23T13:50:07","date_gmt":"2018-05-23T16:50:07","guid":{"rendered":"http:\/\/www.sudoestehoje.com.br\/novoportal\/?p=72351"},"modified":"2018-05-23T14:19:51","modified_gmt":"2018-05-23T17:19:51","slug":"itororo-deputado-compra-emissora-de-radio-cancela-programas-religiosos-e-revolta-catolicos-e-evangelicos","status":"publish","type":"post","link":"https:\/\/www.sudoestehoje.com.br\/novoportal\/2018\/05\/23\/itororo-deputado-compra-emissora-de-radio-cancela-programas-religiosos-e-revolta-catolicos-e-evangelicos\/","title":{"rendered":"ITOROR\u00d3: DEPUTADO COMPRA EMISSORA DE R\u00c1DIO, CANCELA PROGRAMAS RELIGIOSOS E REVOLTA CAT\u00d3LICOS E EVANG\u00c9LICOS"},"content":{"rendered":"<p><a href=\"http:\/\/www.sudoestehoje.com.br\/novoportal\/wp-content\/uploads\/2018\/05\/persegui\u00e7\u00e3o-religiosa.jpg\"><img loading=\"lazy\" decoding=\"async\" class=\"aligncenter size-medium wp-image-72354\" src=\"http:\/\/www.sudoestehoje.com.br\/novoportal\/wp-content\/uploads\/2018\/05\/persegui\u00e7\u00e3o-religiosa-500x273.jpg\" alt=\"\" width=\"500\" height=\"273\" srcset=\"https:\/\/www.sudoestehoje.com.br\/novoportal\/wp-content\/uploads\/2018\/05\/persegui\u00e7\u00e3o-religiosa-500x273.jpg 500w, https:\/\/www.sudoestehoje.com.br\/novoportal\/wp-content\/uploads\/2018\/05\/persegui\u00e7\u00e3o-religiosa.jpg 640w\" sizes=\"auto, (max-width: 500px) 100vw, 500px\" \/><\/a><\/p>\n<p>Um conhecido deputado estadual da regi\u00e3o adquiriu recentemente, por meio de pessoa interposta, uma emissora de r\u00e1dio na cidade de Itoror\u00f3, onde tem reduto eleitoral, para turbinar a sua campanha \u00e0 reelei\u00e7\u00e3o, que n\u00e3o anda bem das pernas.<\/p>\n<p>Segundo informa\u00e7\u00f5es, a primeira provid\u00eancia adotada pelo parlamentar foi eliminar todos os programas religiosos (cat\u00f3licos e evang\u00e9licos), que vinham sendo veiculados na emissora h\u00e1 quase duas d\u00e9cadas, com enorme audi\u00eancia, todos pagos com contribui\u00e7\u00f5es de fi\u00e9is.<\/p>\n<p>A persegui\u00e7\u00e3o do deputado aos seguimentos religiosos da <em>&#8216;terra da carne de sol&#8217;<\/em>\u00a0\u00e9 t\u00e3o absurda, que cat\u00f3licos e evang\u00e9licos se uniram em busca de uma solu\u00e7\u00e3o pac\u00edfica, para que a<em> &#8216;palavra de Deus&#8217;<\/em> n\u00e3o deixe de ser levada aos fi\u00e9is do munic\u00edpio, por um mero capricho de um pol\u00edtico sem f\u00e9 e sensibilidade, que s\u00f3 pensa em arrebanhar votos para a sua reelei\u00e7\u00e3o.<\/p>\n<p>De acordo com representantes das igrejas, o irredut\u00edvel deputado trata pessoalmente do assunto no escrit\u00f3rio da emissora e j\u00e1 teria dito que n\u00e3o abre m\u00e3o dos hor\u00e1rios, oferecendo a todas as igrejas crist\u00e3s apenas 10 minutos di\u00e1rios da sua programa\u00e7\u00e3o, no per\u00edodo da noite (a partir das 22h), o que vem sendo encarado como desrespeito e desd\u00e9m contra l\u00edderes religiosos e suas igrejas, j\u00e1 que esse tempo \u00e9 insuficiente para levar ao ar as suas mensagens.<\/p>\n<p>A avalia\u00e7\u00e3o nos meios pol\u00edticos locais \u00e9 de que o parlamentar governista deu um enorme\u00a0<em>&#8216;tiro no p\u00e9<\/em>&#8216;, ao perseguir e afrontar os crist\u00e3os de sua cidade, fato que pode lhe render um preju\u00edzo eleitoral estimado em cerca de 2.500 votos.<\/p>\n<p>Bem que ele merece&#8230;<\/p>\n<p><strong><em>Reda\u00e7\u00e3o<\/em><\/strong><\/p>\n","protected":false},"excerpt":{"rendered":"<p>Um conhecido deputado estadual da regi\u00e3o adquiriu recentemente, por meio de pessoa interposta, uma emissora de r\u00e1dio na cidade de Itoror\u00f3, onde tem reduto eleitoral, para turbinar a sua campanha \u00e0 reelei\u00e7\u00e3o, que n\u00e3o anda bem das pernas. Segundo informa\u00e7\u00f5es, a primeira provid\u00eancia adotada pelo parlamentar foi eliminar todos os programas religiosos (cat\u00f3licos e evang\u00e9licos), [&hellip;]<\/p>\n","protected":false},"author":2,"featured_media":72354,"comment_status":"open","ping_status":"open","sticky":false,"template":"","format":"standard","meta":{"footnotes":"","_links_to":"","_links_to_target":""},"categories":[1],"tags":[],"class_list":["post-72351","post","type-post","status-publish","format-standard","has-post-thumbnail","hentry","category-geral"],"views":2428,"_links":{"self":[{"href":"https:\/\/www.sudoestehoje.com.br\/novoportal\/wp-json\/wp\/v2\/posts\/72351","targetHints":{"allow":["GET"]}}],"collection":[{"href":"https:\/\/www.sudoestehoje.com.br\/novoportal\/wp-json\/wp\/v2\/posts"}],"about":[{"href":"https:\/\/www.sudoestehoje.com.br\/novoportal\/wp-json\/wp\/v2\/types\/post"}],"author":[{"embeddable":true,"href":"https:\/\/www.sudoestehoje.com.br\/novoportal\/wp-json\/wp\/v2\/users\/2"}],"replies":[{"embeddable":true,"href":"https:\/\/www.sudoestehoje.com.br\/novoportal\/wp-json\/wp\/v2\/comments?post=72351"}],"version-history":[{"count":5,"href":"https:\/\/www.sudoestehoje.com.br\/novoportal\/wp-json\/wp\/v2\/posts\/72351\/revisions"}],"predecessor-version":[{"id":72357,"href":"https:\/\/www.sudoestehoje.com.br\/novoportal\/wp-json\/wp\/v2\/posts\/72351\/revisions\/72357"}],"wp:featuredmedia":[{"embeddable":true,"href":"https:\/\/www.sudoestehoje.com.br\/novoportal\/wp-json\/wp\/v2\/media\/72354"}],"wp:attachment":[{"href":"https:\/\/www.sudoestehoje.com.br\/novoportal\/wp-json\/wp\/v2\/media?parent=72351"}],"wp:term":[{"taxonomy":"category","embeddable":true,"href":"https:\/\/www.sudoestehoje.com.br\/novoportal\/wp-json\/wp\/v2\/categories?post=72351"},{"taxonomy":"post_tag","embeddable":true,"href":"https:\/\/www.sudoestehoje.com.br\/novoportal\/wp-json\/wp\/v2\/tags?post=72351"}],"curies":[{"name":"wp","href":"https:\/\/api.w.org\/{rel}","templated":true}]}}