
{"id":72342,"date":"2018-05-23T12:21:11","date_gmt":"2018-05-23T15:21:11","guid":{"rendered":"http:\/\/www.sudoestehoje.com.br\/novoportal\/?p=72342"},"modified":"2018-05-23T12:21:11","modified_gmt":"2018-05-23T15:21:11","slug":"itapetinga-protesto-de-caminhoneiros-fecha-ba-263-no-trevo-da-azaleia","status":"publish","type":"post","link":"https:\/\/www.sudoestehoje.com.br\/novoportal\/2018\/05\/23\/itapetinga-protesto-de-caminhoneiros-fecha-ba-263-no-trevo-da-azaleia\/","title":{"rendered":"ITAPETINGA: PROTESTO DE CAMINHONEIROS FECHA BA-263 NO TREVO DA AZAL\u00c9IA"},"content":{"rendered":"<p><a href=\"http:\/\/www.sudoestehoje.com.br\/novoportal\/wp-content\/uploads\/2018\/05\/b-6.jpg\"><img loading=\"lazy\" decoding=\"async\" class=\"aligncenter size-medium wp-image-72347\" src=\"http:\/\/www.sudoestehoje.com.br\/novoportal\/wp-content\/uploads\/2018\/05\/b-6-500x375.jpg\" alt=\"\" width=\"500\" height=\"375\" srcset=\"https:\/\/www.sudoestehoje.com.br\/novoportal\/wp-content\/uploads\/2018\/05\/b-6-500x375.jpg 500w, https:\/\/www.sudoestehoje.com.br\/novoportal\/wp-content\/uploads\/2018\/05\/b-6-768x576.jpg 768w, https:\/\/www.sudoestehoje.com.br\/novoportal\/wp-content\/uploads\/2018\/05\/b-6-700x525.jpg 700w, https:\/\/www.sudoestehoje.com.br\/novoportal\/wp-content\/uploads\/2018\/05\/b-6.jpg 960w\" sizes=\"auto, (max-width: 500px) 100vw, 500px\" \/><\/a><\/p>\n<p>Como j\u00e1 vem acontecendo em in\u00fameras cidades do pa\u00eds, o protesto dos caminhoneiros contra os aumentos abusivos dos combust\u00edveis chegou a Itapetinga, onde os manifestantes bloquearam a BA-263, que liga Vit\u00f3ria da Conquista a Itabuna, no trevo da f\u00e1brica de cal\u00e7ados Vulcabras\/Azaleia.<\/p>\n<p><a href=\"http:\/\/www.sudoestehoje.com.br\/novoportal\/wp-content\/uploads\/2018\/05\/b-3.jpg\"><img loading=\"lazy\" decoding=\"async\" class=\"aligncenter size-medium wp-image-72345\" src=\"http:\/\/www.sudoestehoje.com.br\/novoportal\/wp-content\/uploads\/2018\/05\/b-3-500x375.jpg\" alt=\"\" width=\"500\" height=\"375\" srcset=\"https:\/\/www.sudoestehoje.com.br\/novoportal\/wp-content\/uploads\/2018\/05\/b-3-500x375.jpg 500w, https:\/\/www.sudoestehoje.com.br\/novoportal\/wp-content\/uploads\/2018\/05\/b-3-768x576.jpg 768w, https:\/\/www.sudoestehoje.com.br\/novoportal\/wp-content\/uploads\/2018\/05\/b-3-700x525.jpg 700w, https:\/\/www.sudoestehoje.com.br\/novoportal\/wp-content\/uploads\/2018\/05\/b-3.jpg 960w\" sizes=\"auto, (max-width: 500px) 100vw, 500px\" \/><\/a><\/p>\n<p>De acordo com os l\u00edderes do movimento, somente ve\u00edculos pequenos, \u00f4nibus e ambul\u00e2ncias podem passar pelo bloqueio, o que n\u00e3o \u00e9 permitido aos caminh\u00f5es transportando cargas de toda esp\u00e9cie.<\/p>\n<p><a href=\"http:\/\/www.sudoestehoje.com.br\/novoportal\/wp-content\/uploads\/2018\/05\/b-2-1.jpg\"><img loading=\"lazy\" decoding=\"async\" class=\"aligncenter size-medium wp-image-72348\" src=\"http:\/\/www.sudoestehoje.com.br\/novoportal\/wp-content\/uploads\/2018\/05\/b-2-1-500x375.jpg\" alt=\"\" width=\"500\" height=\"375\" srcset=\"https:\/\/www.sudoestehoje.com.br\/novoportal\/wp-content\/uploads\/2018\/05\/b-2-1-500x375.jpg 500w, https:\/\/www.sudoestehoje.com.br\/novoportal\/wp-content\/uploads\/2018\/05\/b-2-1-768x576.jpg 768w, https:\/\/www.sudoestehoje.com.br\/novoportal\/wp-content\/uploads\/2018\/05\/b-2-1-700x525.jpg 700w, https:\/\/www.sudoestehoje.com.br\/novoportal\/wp-content\/uploads\/2018\/05\/b-2-1.jpg 960w\" sizes=\"auto, (max-width: 500px) 100vw, 500px\" \/><\/a><\/p>\n<p>O Sudoeste Hoje foi ao local e constatou a disposi\u00e7\u00e3o dos manifestantes em continuar o bloqueio, at\u00e9 que haja uma decis\u00e3o por parte do comando nacional do movimento paradista.<\/p>\n<p><a href=\"http:\/\/www.sudoestehoje.com.br\/novoportal\/wp-content\/uploads\/2018\/05\/b-4.jpg\"><img loading=\"lazy\" decoding=\"async\" class=\"aligncenter size-medium wp-image-72346\" src=\"http:\/\/www.sudoestehoje.com.br\/novoportal\/wp-content\/uploads\/2018\/05\/b-4-500x375.jpg\" alt=\"\" width=\"500\" height=\"375\" srcset=\"https:\/\/www.sudoestehoje.com.br\/novoportal\/wp-content\/uploads\/2018\/05\/b-4-500x375.jpg 500w, https:\/\/www.sudoestehoje.com.br\/novoportal\/wp-content\/uploads\/2018\/05\/b-4-768x576.jpg 768w, https:\/\/www.sudoestehoje.com.br\/novoportal\/wp-content\/uploads\/2018\/05\/b-4-700x525.jpg 700w, https:\/\/www.sudoestehoje.com.br\/novoportal\/wp-content\/uploads\/2018\/05\/b-4.jpg 960w\" sizes=\"auto, (max-width: 500px) 100vw, 500px\" \/><\/a><\/p>\n<p><strong><em>Reda\u00e7\u00e3o<\/em><\/strong><\/p>\n","protected":false},"excerpt":{"rendered":"<p>Como j\u00e1 vem acontecendo em in\u00fameras cidades do pa\u00eds, o protesto dos caminhoneiros contra os aumentos abusivos dos combust\u00edveis chegou a Itapetinga, onde os manifestantes bloquearam a BA-263, que liga Vit\u00f3ria da Conquista a Itabuna, no trevo da f\u00e1brica de cal\u00e7ados Vulcabras\/Azaleia. De acordo com os l\u00edderes do movimento, somente ve\u00edculos pequenos, \u00f4nibus e ambul\u00e2ncias [&hellip;]<\/p>\n","protected":false},"author":2,"featured_media":72347,"comment_status":"open","ping_status":"open","sticky":false,"template":"","format":"standard","meta":{"footnotes":"","_links_to":"","_links_to_target":""},"categories":[1],"tags":[],"class_list":["post-72342","post","type-post","status-publish","format-standard","has-post-thumbnail","hentry","category-geral"],"views":2273,"_links":{"self":[{"href":"https:\/\/www.sudoestehoje.com.br\/novoportal\/wp-json\/wp\/v2\/posts\/72342","targetHints":{"allow":["GET"]}}],"collection":[{"href":"https:\/\/www.sudoestehoje.com.br\/novoportal\/wp-json\/wp\/v2\/posts"}],"about":[{"href":"https:\/\/www.sudoestehoje.com.br\/novoportal\/wp-json\/wp\/v2\/types\/post"}],"author":[{"embeddable":true,"href":"https:\/\/www.sudoestehoje.com.br\/novoportal\/wp-json\/wp\/v2\/users\/2"}],"replies":[{"embeddable":true,"href":"https:\/\/www.sudoestehoje.com.br\/novoportal\/wp-json\/wp\/v2\/comments?post=72342"}],"version-history":[{"count":2,"href":"https:\/\/www.sudoestehoje.com.br\/novoportal\/wp-json\/wp\/v2\/posts\/72342\/revisions"}],"predecessor-version":[{"id":72350,"href":"https:\/\/www.sudoestehoje.com.br\/novoportal\/wp-json\/wp\/v2\/posts\/72342\/revisions\/72350"}],"wp:featuredmedia":[{"embeddable":true,"href":"https:\/\/www.sudoestehoje.com.br\/novoportal\/wp-json\/wp\/v2\/media\/72347"}],"wp:attachment":[{"href":"https:\/\/www.sudoestehoje.com.br\/novoportal\/wp-json\/wp\/v2\/media?parent=72342"}],"wp:term":[{"taxonomy":"category","embeddable":true,"href":"https:\/\/www.sudoestehoje.com.br\/novoportal\/wp-json\/wp\/v2\/categories?post=72342"},{"taxonomy":"post_tag","embeddable":true,"href":"https:\/\/www.sudoestehoje.com.br\/novoportal\/wp-json\/wp\/v2\/tags?post=72342"}],"curies":[{"name":"wp","href":"https:\/\/api.w.org\/{rel}","templated":true}]}}