
{"id":72330,"date":"2018-05-22T18:15:24","date_gmt":"2018-05-22T21:15:24","guid":{"rendered":"http:\/\/www.sudoestehoje.com.br\/novoportal\/?p=72330"},"modified":"2018-05-22T18:15:24","modified_gmt":"2018-05-22T21:15:24","slug":"tribunal-de-justica-de-minas-decreta-prisao-do-ex-governador-eduardo-azeredo","status":"publish","type":"post","link":"https:\/\/www.sudoestehoje.com.br\/novoportal\/2018\/05\/22\/tribunal-de-justica-de-minas-decreta-prisao-do-ex-governador-eduardo-azeredo\/","title":{"rendered":"TRIBUNAL DE JUSTI\u00c7A DE MINAS DECRETA PRIS\u00c3O DO EX-GOVERNADOR EDUARDO AZEREDO"},"content":{"rendered":"<p><a href=\"http:\/\/www.sudoestehoje.com.br\/novoportal\/wp-content\/uploads\/2018\/05\/azeredo.jpg\"><img loading=\"lazy\" decoding=\"async\" class=\"aligncenter size-medium wp-image-72331\" src=\"http:\/\/www.sudoestehoje.com.br\/novoportal\/wp-content\/uploads\/2018\/05\/azeredo-500x333.jpg\" alt=\"\" width=\"500\" height=\"333\" srcset=\"https:\/\/www.sudoestehoje.com.br\/novoportal\/wp-content\/uploads\/2018\/05\/azeredo-500x333.jpg 500w, https:\/\/www.sudoestehoje.com.br\/novoportal\/wp-content\/uploads\/2018\/05\/azeredo.jpg 680w\" sizes=\"auto, (max-width: 500px) 100vw, 500px\" \/><\/a><\/p>\n<p>O\u00a0Tribunal de Justi\u00e7a de Minas Gerais (TJ-MG)\u00a0negou o \u00faltimo recurso do ex-governador do estado\u00a0Eduardo Azeredo\u00a0(PSDB) contra a sua\u00a0condena\u00e7\u00e3o\u00a0a vinte anos e um m\u00eas pelos crimes de peculato e lavagem de dinheiro no processo conhecido como \u201cmensal\u00e3o tucano\u201d. O TJ-MG decidiu decretar a pris\u00e3o imediata do\u00a0ex-governador de Minas Gerais.<\/p>\n<p>Na sess\u00e3o desta ter\u00e7a-feira 22, os cinco desembargadores da 5\u00aa C\u00e2mara Criminal julgaram n\u00e3o acolher os embargos de declara\u00e7\u00e3o apresentados pelo tucano contra a decis\u00e3o do \u00faltimo dia 24 de abril, quando sua condena\u00e7\u00e3o foi mantida por 3 votos a 2.<\/p>\n<p>A pris\u00e3o do tucano j\u00e1 havia sido pedida pelo procurador de Justi\u00e7a Ant\u00f4nio de Padova Marchi J\u00fanior na sess\u00e3o anterior, utilizando como exemplo o caso do ex-presidente Luiz In\u00e1cio Lula da Silva (PT), preso desde 7 de abril em Curitiba. No caso do petista, o Supremo Tribunal Federal (STF) negou habeas corpus contra a pris\u00e3o ap\u00f3s o fim dos recursos em segunda inst\u00e2ncia.<\/p>\n<p>O chamado \u201cmensal\u00e3o mineiro\u201d, segundo den\u00fancia do Minist\u00e9rio P\u00fablico, foi um \u201cesquema de desvio de recursos do governo mineiro, operado pelo empres\u00e1rio Marcos Val\u00e9rio de Souza, para financiar a campanha \u00e0 reelei\u00e7\u00e3o do ex-chefe do Executivo (Azeredo), em 1998\u201d.<\/p>\n","protected":false},"excerpt":{"rendered":"<p>O\u00a0Tribunal de Justi\u00e7a de Minas Gerais (TJ-MG)\u00a0negou o \u00faltimo recurso do ex-governador do estado\u00a0Eduardo Azeredo\u00a0(PSDB) contra a sua\u00a0condena\u00e7\u00e3o\u00a0a vinte anos e um m\u00eas pelos crimes de peculato e lavagem de dinheiro no processo conhecido como \u201cmensal\u00e3o tucano\u201d. O TJ-MG decidiu decretar a pris\u00e3o imediata do\u00a0ex-governador de Minas Gerais. Na sess\u00e3o desta ter\u00e7a-feira 22, os cinco [&hellip;]<\/p>\n","protected":false},"author":2,"featured_media":72331,"comment_status":"open","ping_status":"open","sticky":false,"template":"","format":"standard","meta":{"footnotes":"","_links_to":"","_links_to_target":""},"categories":[1],"tags":[],"class_list":["post-72330","post","type-post","status-publish","format-standard","has-post-thumbnail","hentry","category-geral"],"views":1088,"_links":{"self":[{"href":"https:\/\/www.sudoestehoje.com.br\/novoportal\/wp-json\/wp\/v2\/posts\/72330","targetHints":{"allow":["GET"]}}],"collection":[{"href":"https:\/\/www.sudoestehoje.com.br\/novoportal\/wp-json\/wp\/v2\/posts"}],"about":[{"href":"https:\/\/www.sudoestehoje.com.br\/novoportal\/wp-json\/wp\/v2\/types\/post"}],"author":[{"embeddable":true,"href":"https:\/\/www.sudoestehoje.com.br\/novoportal\/wp-json\/wp\/v2\/users\/2"}],"replies":[{"embeddable":true,"href":"https:\/\/www.sudoestehoje.com.br\/novoportal\/wp-json\/wp\/v2\/comments?post=72330"}],"version-history":[{"count":1,"href":"https:\/\/www.sudoestehoje.com.br\/novoportal\/wp-json\/wp\/v2\/posts\/72330\/revisions"}],"predecessor-version":[{"id":72332,"href":"https:\/\/www.sudoestehoje.com.br\/novoportal\/wp-json\/wp\/v2\/posts\/72330\/revisions\/72332"}],"wp:featuredmedia":[{"embeddable":true,"href":"https:\/\/www.sudoestehoje.com.br\/novoportal\/wp-json\/wp\/v2\/media\/72331"}],"wp:attachment":[{"href":"https:\/\/www.sudoestehoje.com.br\/novoportal\/wp-json\/wp\/v2\/media?parent=72330"}],"wp:term":[{"taxonomy":"category","embeddable":true,"href":"https:\/\/www.sudoestehoje.com.br\/novoportal\/wp-json\/wp\/v2\/categories?post=72330"},{"taxonomy":"post_tag","embeddable":true,"href":"https:\/\/www.sudoestehoje.com.br\/novoportal\/wp-json\/wp\/v2\/tags?post=72330"}],"curies":[{"name":"wp","href":"https:\/\/api.w.org\/{rel}","templated":true}]}}