
{"id":72325,"date":"2018-05-22T11:53:06","date_gmt":"2018-05-22T14:53:06","guid":{"rendered":"http:\/\/www.sudoestehoje.com.br\/novoportal\/?p=72325"},"modified":"2018-05-22T11:53:31","modified_gmt":"2018-05-22T14:53:31","slug":"stj-manda-pf-interrogar-jaques-wagner-em-caso-que-tambem-envolve-rui-costa","status":"publish","type":"post","link":"https:\/\/www.sudoestehoje.com.br\/novoportal\/2018\/05\/22\/stj-manda-pf-interrogar-jaques-wagner-em-caso-que-tambem-envolve-rui-costa\/","title":{"rendered":"STJ MANDA PF INTERROGAR JAQUES WAGNER EM CASO QUE TAMB\u00c9M ENVOLVE RUI COSTA"},"content":{"rendered":"<p><a href=\"http:\/\/www.sudoestehoje.com.br\/novoportal\/wp-content\/uploads\/2018\/05\/ruijacques.png\"><img loading=\"lazy\" decoding=\"async\" class=\"aligncenter size-medium wp-image-72326\" src=\"http:\/\/www.sudoestehoje.com.br\/novoportal\/wp-content\/uploads\/2018\/05\/ruijacques-500x384.png\" alt=\"\" width=\"500\" height=\"384\" srcset=\"https:\/\/www.sudoestehoje.com.br\/novoportal\/wp-content\/uploads\/2018\/05\/ruijacques-500x384.png 500w, https:\/\/www.sudoestehoje.com.br\/novoportal\/wp-content\/uploads\/2018\/05\/ruijacques.png 560w\" sizes=\"auto, (max-width: 500px) 100vw, 500px\" \/><\/a><\/p>\n<p>O ministro\u00a0<strong>Benedito Gon\u00e7alves<\/strong>, do Superior Tribunal de Justi\u00e7a (STJ), autorizou uma s\u00e9rie de provid\u00eancias requeridas pela Procuradoria-Geral da Rep\u00fablica (PGR) em uma investiga\u00e7\u00e3o que envolve o governador da Bahia,\u00a0<strong>Rui Costa<\/strong>, e seu antecessor,\u00a0<strong>Jaques Wagner<\/strong>. Os dois petistas s\u00e3o suspeitos de receber dinheiro ilegal da Odebrecht.<\/p>\n<p>Entre as dilig\u00eancias autorizadas pelo ministro, a Superintend\u00eancia da Pol\u00edcia Federal na Bahia dever\u00e1 interrogar Wagner e pessoas ligadas \u00e0 empreiteira. Gon\u00e7alves determinou ainda que as contas eleitorais de Costa relativas ao ano de 2014 sejam anexadas \u00e0 apura\u00e7\u00e3o, que tramita sob sigilo.<\/p>\n<p>O caso chegou ao STJ a partir de representa\u00e7\u00e3o de deputados estaduais opositores do PT enviada \u00e0 Pol\u00edcia Civil em Salvador no ano passado. Advers\u00e1rios de Costa e Wagner pediram a apura\u00e7\u00e3o das suspeitas levantadas por delatores da Odebrecht de que propina foi negociada em contrapartida \u00e0 libera\u00e7\u00e3o de valores devidos \u00e0 construtora pela Companhia de Engenharia Ambiental e Recursos H\u00eddricos da Bahia (Cerb).\u00a0O d\u00e9bito da Cerb com Odebrecht era estimado em aproximadamente R$ 290 milh\u00f5es.<\/p>\n<p>Wagner e o caixa eleitoral de Costa nas elei\u00e7\u00f5es de 2014 foram benefici\u00e1rios de repasses ilegais, apontaram executivos da empreiteira. Por envolver prerrogativa de foro, a pol\u00edcia baiana remeteu o documento ao STJ. \/\/ <em>Globo &#8211; \u00c9poca<\/em><\/p>\n","protected":false},"excerpt":{"rendered":"<p>O ministro\u00a0Benedito Gon\u00e7alves, do Superior Tribunal de Justi\u00e7a (STJ), autorizou uma s\u00e9rie de provid\u00eancias requeridas pela Procuradoria-Geral da Rep\u00fablica (PGR) em uma investiga\u00e7\u00e3o que envolve o governador da Bahia,\u00a0Rui Costa, e seu antecessor,\u00a0Jaques Wagner. Os dois petistas s\u00e3o suspeitos de receber dinheiro ilegal da Odebrecht. Entre as dilig\u00eancias autorizadas pelo ministro, a Superintend\u00eancia da Pol\u00edcia [&hellip;]<\/p>\n","protected":false},"author":2,"featured_media":72326,"comment_status":"open","ping_status":"open","sticky":false,"template":"","format":"standard","meta":{"footnotes":"","_links_to":"","_links_to_target":""},"categories":[1],"tags":[],"class_list":["post-72325","post","type-post","status-publish","format-standard","has-post-thumbnail","hentry","category-geral"],"views":1293,"_links":{"self":[{"href":"https:\/\/www.sudoestehoje.com.br\/novoportal\/wp-json\/wp\/v2\/posts\/72325","targetHints":{"allow":["GET"]}}],"collection":[{"href":"https:\/\/www.sudoestehoje.com.br\/novoportal\/wp-json\/wp\/v2\/posts"}],"about":[{"href":"https:\/\/www.sudoestehoje.com.br\/novoportal\/wp-json\/wp\/v2\/types\/post"}],"author":[{"embeddable":true,"href":"https:\/\/www.sudoestehoje.com.br\/novoportal\/wp-json\/wp\/v2\/users\/2"}],"replies":[{"embeddable":true,"href":"https:\/\/www.sudoestehoje.com.br\/novoportal\/wp-json\/wp\/v2\/comments?post=72325"}],"version-history":[{"count":3,"href":"https:\/\/www.sudoestehoje.com.br\/novoportal\/wp-json\/wp\/v2\/posts\/72325\/revisions"}],"predecessor-version":[{"id":72329,"href":"https:\/\/www.sudoestehoje.com.br\/novoportal\/wp-json\/wp\/v2\/posts\/72325\/revisions\/72329"}],"wp:featuredmedia":[{"embeddable":true,"href":"https:\/\/www.sudoestehoje.com.br\/novoportal\/wp-json\/wp\/v2\/media\/72326"}],"wp:attachment":[{"href":"https:\/\/www.sudoestehoje.com.br\/novoportal\/wp-json\/wp\/v2\/media?parent=72325"}],"wp:term":[{"taxonomy":"category","embeddable":true,"href":"https:\/\/www.sudoestehoje.com.br\/novoportal\/wp-json\/wp\/v2\/categories?post=72325"},{"taxonomy":"post_tag","embeddable":true,"href":"https:\/\/www.sudoestehoje.com.br\/novoportal\/wp-json\/wp\/v2\/tags?post=72325"}],"curies":[{"name":"wp","href":"https:\/\/api.w.org\/{rel}","templated":true}]}}