
{"id":72309,"date":"2018-05-21T20:09:58","date_gmt":"2018-05-21T23:09:58","guid":{"rendered":"http:\/\/www.sudoestehoje.com.br\/novoportal\/?p=72309"},"modified":"2018-05-21T20:15:27","modified_gmt":"2018-05-21T23:15:27","slug":"pedro-tavares-prestigia-48a-exposicao","status":"publish","type":"post","link":"https:\/\/www.sudoestehoje.com.br\/novoportal\/2018\/05\/21\/pedro-tavares-prestigia-48a-exposicao\/","title":{"rendered":"PEDRO TAVARES PRESTIGIA 48\u00aa EXPOSI\u00c7\u00c3O"},"content":{"rendered":"<p><a href=\"http:\/\/www.sudoestehoje.com.br\/novoportal\/wp-content\/uploads\/2018\/05\/PEDRO-NA-EXPO.jpg\"><img loading=\"lazy\" decoding=\"async\" class=\"aligncenter size-medium wp-image-72310\" src=\"http:\/\/www.sudoestehoje.com.br\/novoportal\/wp-content\/uploads\/2018\/05\/PEDRO-NA-EXPO-500x375.jpg\" alt=\"\" width=\"500\" height=\"375\" srcset=\"https:\/\/www.sudoestehoje.com.br\/novoportal\/wp-content\/uploads\/2018\/05\/PEDRO-NA-EXPO-500x375.jpg 500w, https:\/\/www.sudoestehoje.com.br\/novoportal\/wp-content\/uploads\/2018\/05\/PEDRO-NA-EXPO-768x576.jpg 768w, https:\/\/www.sudoestehoje.com.br\/novoportal\/wp-content\/uploads\/2018\/05\/PEDRO-NA-EXPO-700x525.jpg 700w, https:\/\/www.sudoestehoje.com.br\/novoportal\/wp-content\/uploads\/2018\/05\/PEDRO-NA-EXPO.jpg 960w\" sizes=\"auto, (max-width: 500px) 100vw, 500px\" \/><\/a>ITAPETINGA &#8211; O deputado estadual Pedro Tavares (DEM) cumpriu extensa agenda no munic\u00edpio de Itapetinga nos \u00faltimos dias. Acompanhado do prefeito Rodrigo Hagge, vereadores e secret\u00e1rios, o deputado participou da 48\u00b0 Exposi\u00e7\u00e3o Agropecu\u00e1ria da cidade, onde visitou os stands e destacou a organiza\u00e7\u00e3o e qualidade do evento. \u201cAo caminhar pela exposi\u00e7\u00e3o pude conferir que essa foi a melhor e maior dos \u00faltimos anos e tamb\u00e9m pude ver a receptividade da popula\u00e7\u00e3o com o prefeito Rodrigo Hagge, o que confirma o belo trabalho que vem desenvolvendo no munic\u00edpio&#8221;, afirmou o parlamentar.<\/p>\n<p><a href=\"http:\/\/www.sudoestehoje.com.br\/novoportal\/wp-content\/uploads\/2018\/05\/PEDRO-NA-EXPO-1.jpg\"><img loading=\"lazy\" decoding=\"async\" class=\"aligncenter size-medium wp-image-72314\" src=\"http:\/\/www.sudoestehoje.com.br\/novoportal\/wp-content\/uploads\/2018\/05\/PEDRO-NA-EXPO-1-500x375.jpg\" alt=\"\" width=\"500\" height=\"375\" srcset=\"https:\/\/www.sudoestehoje.com.br\/novoportal\/wp-content\/uploads\/2018\/05\/PEDRO-NA-EXPO-1-500x375.jpg 500w, https:\/\/www.sudoestehoje.com.br\/novoportal\/wp-content\/uploads\/2018\/05\/PEDRO-NA-EXPO-1-768x576.jpg 768w, https:\/\/www.sudoestehoje.com.br\/novoportal\/wp-content\/uploads\/2018\/05\/PEDRO-NA-EXPO-1-700x525.jpg 700w, https:\/\/www.sudoestehoje.com.br\/novoportal\/wp-content\/uploads\/2018\/05\/PEDRO-NA-EXPO-1.jpg 960w\" sizes=\"auto, (max-width: 500px) 100vw, 500px\" \/><\/a><\/p>\n<p>Pedro Tavares tamb\u00e9m marcou presen\u00e7a na inaugura\u00e7\u00e3o do novo Centro de Fisioterapia e sede do Nasf, onde ser\u00e3o oferecidos os servi\u00e7os de fisioterapia do trabalho, domiciliar, pedi\u00e1trica, neurofuncional, ortop\u00e9dica, p\u00f3s-cir\u00fargica, desportiva, geri\u00e1trica e pneumofuncional. &#8220;Mais uma prova do compromisso da gest\u00e3o municipal com a sa\u00fade, que tamb\u00e9m tem investindo em diversas \u00e1reas a exemplo da educa\u00e7\u00e3o e infraestrutura, sempre pensando em levar desenvolvimento para Itapetinga&#8221;, exclamou Tavares.<\/p>\n<p>O parlamentar aproveitou ainda para se reunir com diversas lideran\u00e7as locais regionais, entre prefeitos, ex-prefeitos e vereadores, e concedeu entrevistas a diversos ve\u00edculos de comunica\u00e7\u00e3o.<\/p>\n","protected":false},"excerpt":{"rendered":"<p>ITAPETINGA &#8211; O deputado estadual Pedro Tavares (DEM) cumpriu extensa agenda no munic\u00edpio de Itapetinga nos \u00faltimos dias. Acompanhado do prefeito Rodrigo Hagge, vereadores e secret\u00e1rios, o deputado participou da 48\u00b0 Exposi\u00e7\u00e3o Agropecu\u00e1ria da cidade, onde visitou os stands e destacou a organiza\u00e7\u00e3o e qualidade do evento. \u201cAo caminhar pela exposi\u00e7\u00e3o pude conferir que essa [&hellip;]<\/p>\n","protected":false},"author":2,"featured_media":72310,"comment_status":"open","ping_status":"open","sticky":false,"template":"","format":"standard","meta":{"footnotes":"","_links_to":"","_links_to_target":""},"categories":[1],"tags":[],"class_list":["post-72309","post","type-post","status-publish","format-standard","has-post-thumbnail","hentry","category-geral"],"views":1235,"_links":{"self":[{"href":"https:\/\/www.sudoestehoje.com.br\/novoportal\/wp-json\/wp\/v2\/posts\/72309","targetHints":{"allow":["GET"]}}],"collection":[{"href":"https:\/\/www.sudoestehoje.com.br\/novoportal\/wp-json\/wp\/v2\/posts"}],"about":[{"href":"https:\/\/www.sudoestehoje.com.br\/novoportal\/wp-json\/wp\/v2\/types\/post"}],"author":[{"embeddable":true,"href":"https:\/\/www.sudoestehoje.com.br\/novoportal\/wp-json\/wp\/v2\/users\/2"}],"replies":[{"embeddable":true,"href":"https:\/\/www.sudoestehoje.com.br\/novoportal\/wp-json\/wp\/v2\/comments?post=72309"}],"version-history":[{"count":4,"href":"https:\/\/www.sudoestehoje.com.br\/novoportal\/wp-json\/wp\/v2\/posts\/72309\/revisions"}],"predecessor-version":[{"id":72315,"href":"https:\/\/www.sudoestehoje.com.br\/novoportal\/wp-json\/wp\/v2\/posts\/72309\/revisions\/72315"}],"wp:featuredmedia":[{"embeddable":true,"href":"https:\/\/www.sudoestehoje.com.br\/novoportal\/wp-json\/wp\/v2\/media\/72310"}],"wp:attachment":[{"href":"https:\/\/www.sudoestehoje.com.br\/novoportal\/wp-json\/wp\/v2\/media?parent=72309"}],"wp:term":[{"taxonomy":"category","embeddable":true,"href":"https:\/\/www.sudoestehoje.com.br\/novoportal\/wp-json\/wp\/v2\/categories?post=72309"},{"taxonomy":"post_tag","embeddable":true,"href":"https:\/\/www.sudoestehoje.com.br\/novoportal\/wp-json\/wp\/v2\/tags?post=72309"}],"curies":[{"name":"wp","href":"https:\/\/api.w.org\/{rel}","templated":true}]}}