
{"id":72306,"date":"2018-05-21T19:12:21","date_gmt":"2018-05-21T22:12:21","guid":{"rendered":"http:\/\/www.sudoestehoje.com.br\/novoportal\/?p=72306"},"modified":"2018-05-21T19:12:21","modified_gmt":"2018-05-21T22:12:21","slug":"regiao-morre-em-vitoria-da-conquista-o-ex-deputado-coriolano-sales","status":"publish","type":"post","link":"https:\/\/www.sudoestehoje.com.br\/novoportal\/2018\/05\/21\/regiao-morre-em-vitoria-da-conquista-o-ex-deputado-coriolano-sales\/","title":{"rendered":"REGI\u00c3O: MORRE EM VIT\u00d3RIA DA CONQUISTA O EX-DEPUTADO CORIOLANO SALES"},"content":{"rendered":"<p><a href=\"http:\/\/www.sudoestehoje.com.br\/novoportal\/wp-content\/uploads\/2018\/05\/CORI.jpeg\"><img loading=\"lazy\" decoding=\"async\" class=\"aligncenter size-medium wp-image-72307\" src=\"http:\/\/www.sudoestehoje.com.br\/novoportal\/wp-content\/uploads\/2018\/05\/CORI-500x333.jpeg\" alt=\"\" width=\"500\" height=\"333\" srcset=\"https:\/\/www.sudoestehoje.com.br\/novoportal\/wp-content\/uploads\/2018\/05\/CORI-500x333.jpeg 500w, https:\/\/www.sudoestehoje.com.br\/novoportal\/wp-content\/uploads\/2018\/05\/CORI.jpeg 600w\" sizes=\"auto, (max-width: 500px) 100vw, 500px\" \/><\/a><\/p>\n<p>Faleceu, no final da tarde desta segunda-feira (21), no Hospital Samur, o ex-deputado federal Coriolano Sousa Sales, de 74 anos. Ele n\u00e3o resistiu a uma cirurgia card\u00edaca.<\/p>\n<p>Na \u00faltima semana, Cori foi v\u00edtima de infarto, permanecendo na Unidade de Terapia Intensiva. Natural de Santa Teresinha, Cori foi um dos pol\u00edticos mais atuantes da Bahia.<\/p>\n<p>De Vit\u00f3ria da Conquista ele presidiu a Ordem dos Advogados do Brasil, C\u00e2mara Municipal at\u00e9 chegar a Presid\u00eancia da Assembleia Legislativa do Estado da Bahia encerrando a suas atividades pol\u00edticas na C\u00e2mara dos Deputados. Informa\u00e7\u00f5es sobre o funeral ainda n\u00e3o foram divulgadas.\/\/Blog do Anderson<\/p>\n","protected":false},"excerpt":{"rendered":"<p>Faleceu, no final da tarde desta segunda-feira (21), no Hospital Samur, o ex-deputado federal Coriolano Sousa Sales, de 74 anos. Ele n\u00e3o resistiu a uma cirurgia card\u00edaca. Na \u00faltima semana, Cori foi v\u00edtima de infarto, permanecendo na Unidade de Terapia Intensiva. Natural de Santa Teresinha, Cori foi um dos pol\u00edticos mais atuantes da Bahia. De [&hellip;]<\/p>\n","protected":false},"author":2,"featured_media":72307,"comment_status":"open","ping_status":"open","sticky":false,"template":"","format":"standard","meta":{"footnotes":"","_links_to":"","_links_to_target":""},"categories":[1],"tags":[],"class_list":["post-72306","post","type-post","status-publish","format-standard","has-post-thumbnail","hentry","category-geral"],"views":1226,"_links":{"self":[{"href":"https:\/\/www.sudoestehoje.com.br\/novoportal\/wp-json\/wp\/v2\/posts\/72306","targetHints":{"allow":["GET"]}}],"collection":[{"href":"https:\/\/www.sudoestehoje.com.br\/novoportal\/wp-json\/wp\/v2\/posts"}],"about":[{"href":"https:\/\/www.sudoestehoje.com.br\/novoportal\/wp-json\/wp\/v2\/types\/post"}],"author":[{"embeddable":true,"href":"https:\/\/www.sudoestehoje.com.br\/novoportal\/wp-json\/wp\/v2\/users\/2"}],"replies":[{"embeddable":true,"href":"https:\/\/www.sudoestehoje.com.br\/novoportal\/wp-json\/wp\/v2\/comments?post=72306"}],"version-history":[{"count":1,"href":"https:\/\/www.sudoestehoje.com.br\/novoportal\/wp-json\/wp\/v2\/posts\/72306\/revisions"}],"predecessor-version":[{"id":72308,"href":"https:\/\/www.sudoestehoje.com.br\/novoportal\/wp-json\/wp\/v2\/posts\/72306\/revisions\/72308"}],"wp:featuredmedia":[{"embeddable":true,"href":"https:\/\/www.sudoestehoje.com.br\/novoportal\/wp-json\/wp\/v2\/media\/72307"}],"wp:attachment":[{"href":"https:\/\/www.sudoestehoje.com.br\/novoportal\/wp-json\/wp\/v2\/media?parent=72306"}],"wp:term":[{"taxonomy":"category","embeddable":true,"href":"https:\/\/www.sudoestehoje.com.br\/novoportal\/wp-json\/wp\/v2\/categories?post=72306"},{"taxonomy":"post_tag","embeddable":true,"href":"https:\/\/www.sudoestehoje.com.br\/novoportal\/wp-json\/wp\/v2\/tags?post=72306"}],"curies":[{"name":"wp","href":"https:\/\/api.w.org\/{rel}","templated":true}]}}