
{"id":72303,"date":"2018-05-21T18:28:19","date_gmt":"2018-05-21T21:28:19","guid":{"rendered":"http:\/\/www.sudoestehoje.com.br\/novoportal\/?p=72303"},"modified":"2018-05-21T18:28:19","modified_gmt":"2018-05-21T21:28:19","slug":"caminhoneiros-bloqueiam-rodovias-contra-aumento-dos-combustiveis","status":"publish","type":"post","link":"https:\/\/www.sudoestehoje.com.br\/novoportal\/2018\/05\/21\/caminhoneiros-bloqueiam-rodovias-contra-aumento-dos-combustiveis\/","title":{"rendered":"CAMINHONEIROS BLOQUEIAM RODOVIAS CONTRA AUMENTO DOS COMBUST\u00cdVEIS"},"content":{"rendered":"<p><a href=\"http:\/\/www.sudoestehoje.com.br\/novoportal\/wp-content\/uploads\/2018\/05\/br-060_2.jpg\"><img loading=\"lazy\" decoding=\"async\" class=\"aligncenter size-medium wp-image-72304\" src=\"http:\/\/www.sudoestehoje.com.br\/novoportal\/wp-content\/uploads\/2018\/05\/br-060_2-500x334.jpg\" alt=\"\" width=\"500\" height=\"334\" srcset=\"https:\/\/www.sudoestehoje.com.br\/novoportal\/wp-content\/uploads\/2018\/05\/br-060_2-500x334.jpg 500w, https:\/\/www.sudoestehoje.com.br\/novoportal\/wp-content\/uploads\/2018\/05\/br-060_2.jpg 580w\" sizes=\"auto, (max-width: 500px) 100vw, 500px\" \/><\/a><\/p>\n<p>Caminhoneiros protestam nesta segunda-feira, 11, em todo o pa\u00eds, contra o aumento do combust\u00edvel. No in\u00edcio da manh\u00e3 havia atos em pelo menos 11 Estados: Bahia, Cear\u00e1, Esp\u00edrito Santo, Goi\u00e1s, Minas Gerais, Para\u00edba, Paran\u00e1, Rio de Janeiro, Rio Grande do Sul, S\u00e3o Paulo e Tocantins.<\/p>\n<p>Os protestos nas rodovias foram anunciados sexta-feira (18) pela Associa\u00e7\u00e3o Brasileira de Caminhoneiros (ABCam) e pela Confedera\u00e7\u00e3o Nacional dos Transportadores Aut\u00f4nomos (CNTA).<\/p>\n<p>A convoca\u00e7\u00e3o dos caminhoneiros pela ABCam foi feita como forma de cobrar medidas para reduzir o impacto do aumento do diesel, entre elas a isen\u00e7\u00e3o de tributos.<\/p>\n","protected":false},"excerpt":{"rendered":"<p>Caminhoneiros protestam nesta segunda-feira, 11, em todo o pa\u00eds, contra o aumento do combust\u00edvel. No in\u00edcio da manh\u00e3 havia atos em pelo menos 11 Estados: Bahia, Cear\u00e1, Esp\u00edrito Santo, Goi\u00e1s, Minas Gerais, Para\u00edba, Paran\u00e1, Rio de Janeiro, Rio Grande do Sul, S\u00e3o Paulo e Tocantins. Os protestos nas rodovias foram anunciados sexta-feira (18) pela Associa\u00e7\u00e3o [&hellip;]<\/p>\n","protected":false},"author":2,"featured_media":72304,"comment_status":"open","ping_status":"open","sticky":false,"template":"","format":"standard","meta":{"footnotes":"","_links_to":"","_links_to_target":""},"categories":[1],"tags":[],"class_list":["post-72303","post","type-post","status-publish","format-standard","has-post-thumbnail","hentry","category-geral"],"views":1119,"_links":{"self":[{"href":"https:\/\/www.sudoestehoje.com.br\/novoportal\/wp-json\/wp\/v2\/posts\/72303","targetHints":{"allow":["GET"]}}],"collection":[{"href":"https:\/\/www.sudoestehoje.com.br\/novoportal\/wp-json\/wp\/v2\/posts"}],"about":[{"href":"https:\/\/www.sudoestehoje.com.br\/novoportal\/wp-json\/wp\/v2\/types\/post"}],"author":[{"embeddable":true,"href":"https:\/\/www.sudoestehoje.com.br\/novoportal\/wp-json\/wp\/v2\/users\/2"}],"replies":[{"embeddable":true,"href":"https:\/\/www.sudoestehoje.com.br\/novoportal\/wp-json\/wp\/v2\/comments?post=72303"}],"version-history":[{"count":1,"href":"https:\/\/www.sudoestehoje.com.br\/novoportal\/wp-json\/wp\/v2\/posts\/72303\/revisions"}],"predecessor-version":[{"id":72305,"href":"https:\/\/www.sudoestehoje.com.br\/novoportal\/wp-json\/wp\/v2\/posts\/72303\/revisions\/72305"}],"wp:featuredmedia":[{"embeddable":true,"href":"https:\/\/www.sudoestehoje.com.br\/novoportal\/wp-json\/wp\/v2\/media\/72304"}],"wp:attachment":[{"href":"https:\/\/www.sudoestehoje.com.br\/novoportal\/wp-json\/wp\/v2\/media?parent=72303"}],"wp:term":[{"taxonomy":"category","embeddable":true,"href":"https:\/\/www.sudoestehoje.com.br\/novoportal\/wp-json\/wp\/v2\/categories?post=72303"},{"taxonomy":"post_tag","embeddable":true,"href":"https:\/\/www.sudoestehoje.com.br\/novoportal\/wp-json\/wp\/v2\/tags?post=72303"}],"curies":[{"name":"wp","href":"https:\/\/api.w.org\/{rel}","templated":true}]}}