
{"id":72255,"date":"2018-05-20T12:29:43","date_gmt":"2018-05-20T15:29:43","guid":{"rendered":"http:\/\/www.sudoestehoje.com.br\/novoportal\/?p=72255"},"modified":"2018-05-20T12:29:43","modified_gmt":"2018-05-20T15:29:43","slug":"bandidos-roubam-carro-de-juiz-em-ilheus","status":"publish","type":"post","link":"https:\/\/www.sudoestehoje.com.br\/novoportal\/2018\/05\/20\/bandidos-roubam-carro-de-juiz-em-ilheus\/","title":{"rendered":"BANDIDOS ROUBAM CARRO DE JUIZ EM ILH\u00c9US"},"content":{"rendered":"<p><a href=\"http:\/\/www.sudoestehoje.com.br\/novoportal\/wp-content\/uploads\/2018\/05\/BR-001.jpg\"><img loading=\"lazy\" decoding=\"async\" class=\"aligncenter size-medium wp-image-72256\" src=\"http:\/\/www.sudoestehoje.com.br\/novoportal\/wp-content\/uploads\/2018\/05\/BR-001-500x281.jpg\" alt=\"\" width=\"500\" height=\"281\" srcset=\"https:\/\/www.sudoestehoje.com.br\/novoportal\/wp-content\/uploads\/2018\/05\/BR-001-500x281.jpg 500w, https:\/\/www.sudoestehoje.com.br\/novoportal\/wp-content\/uploads\/2018\/05\/BR-001-768x431.jpg 768w, https:\/\/www.sudoestehoje.com.br\/novoportal\/wp-content\/uploads\/2018\/05\/BR-001-700x393.jpg 700w, https:\/\/www.sudoestehoje.com.br\/novoportal\/wp-content\/uploads\/2018\/05\/BR-001.jpg 890w\" sizes=\"auto, (max-width: 500px) 100vw, 500px\" \/><\/a><\/p>\n<p>O juiz Gustavo Lyra, titular da Vara de Execu\u00e7\u00f5es Penais da Comarca de Ilh\u00e9us, no Sul da Bahia, teve o carro roubado na tarde deste s\u00e1bado (19).<\/p>\n<p>Segundo informa\u00e7\u00f5es da pol\u00edcia, o magistrado estava em um HB20 preto, acompanhado dos filhos, quando foi abordado pelos assaltantes fortemente armados, por volta das 16h30. O assalto aconteceu nas imedia\u00e7\u00f5es da AABB.<\/p>\n<p>O juiz registrou boletim de ocorr\u00eancia na sede da 7\u00aa Coorpin, conforme informado pelo blogueiro F\u00e1bio Roberto. \/\/<strong><em>Boc\u00e3o<\/em><\/strong><\/p>\n","protected":false},"excerpt":{"rendered":"<p>O juiz Gustavo Lyra, titular da Vara de Execu\u00e7\u00f5es Penais da Comarca de Ilh\u00e9us, no Sul da Bahia, teve o carro roubado na tarde deste s\u00e1bado (19). Segundo informa\u00e7\u00f5es da pol\u00edcia, o magistrado estava em um HB20 preto, acompanhado dos filhos, quando foi abordado pelos assaltantes fortemente armados, por volta das 16h30. O assalto aconteceu [&hellip;]<\/p>\n","protected":false},"author":2,"featured_media":72256,"comment_status":"open","ping_status":"open","sticky":false,"template":"","format":"standard","meta":{"footnotes":"","_links_to":"","_links_to_target":""},"categories":[1],"tags":[],"class_list":["post-72255","post","type-post","status-publish","format-standard","has-post-thumbnail","hentry","category-geral"],"views":1174,"_links":{"self":[{"href":"https:\/\/www.sudoestehoje.com.br\/novoportal\/wp-json\/wp\/v2\/posts\/72255","targetHints":{"allow":["GET"]}}],"collection":[{"href":"https:\/\/www.sudoestehoje.com.br\/novoportal\/wp-json\/wp\/v2\/posts"}],"about":[{"href":"https:\/\/www.sudoestehoje.com.br\/novoportal\/wp-json\/wp\/v2\/types\/post"}],"author":[{"embeddable":true,"href":"https:\/\/www.sudoestehoje.com.br\/novoportal\/wp-json\/wp\/v2\/users\/2"}],"replies":[{"embeddable":true,"href":"https:\/\/www.sudoestehoje.com.br\/novoportal\/wp-json\/wp\/v2\/comments?post=72255"}],"version-history":[{"count":1,"href":"https:\/\/www.sudoestehoje.com.br\/novoportal\/wp-json\/wp\/v2\/posts\/72255\/revisions"}],"predecessor-version":[{"id":72257,"href":"https:\/\/www.sudoestehoje.com.br\/novoportal\/wp-json\/wp\/v2\/posts\/72255\/revisions\/72257"}],"wp:featuredmedia":[{"embeddable":true,"href":"https:\/\/www.sudoestehoje.com.br\/novoportal\/wp-json\/wp\/v2\/media\/72256"}],"wp:attachment":[{"href":"https:\/\/www.sudoestehoje.com.br\/novoportal\/wp-json\/wp\/v2\/media?parent=72255"}],"wp:term":[{"taxonomy":"category","embeddable":true,"href":"https:\/\/www.sudoestehoje.com.br\/novoportal\/wp-json\/wp\/v2\/categories?post=72255"},{"taxonomy":"post_tag","embeddable":true,"href":"https:\/\/www.sudoestehoje.com.br\/novoportal\/wp-json\/wp\/v2\/tags?post=72255"}],"curies":[{"name":"wp","href":"https:\/\/api.w.org\/{rel}","templated":true}]}}