
{"id":7220,"date":"2011-08-04T01:13:30","date_gmt":"2011-08-04T04:13:30","guid":{"rendered":"http:\/\/www.sudoestehoje.com.br\/novoportal\/?p=7220"},"modified":"2011-08-04T01:13:30","modified_gmt":"2011-08-04T04:13:30","slug":"aniversario-da-1%c2%aa-igreja-batista","status":"publish","type":"post","link":"https:\/\/www.sudoestehoje.com.br\/novoportal\/2011\/08\/04\/aniversario-da-1%c2%aa-igreja-batista\/","title":{"rendered":"ANIVERS\u00c1RIO DA 1\u00aa IGREJA BATISTA"},"content":{"rendered":"<p style=\"text-align: center;\">\u00a0<a href=\"http:\/\/www.sudoestehoje.com.br\/novoportal\/wp-content\/uploads\/2011\/08\/Sergio-Lopes.jpg\"><img loading=\"lazy\" decoding=\"async\" class=\"size-medium wp-image-7221  aligncenter\" title=\"Sergio Lopes\" src=\"http:\/\/www.sudoestehoje.com.br\/novoportal\/wp-content\/uploads\/2011\/08\/Sergio-Lopes-500x500.jpg\" alt=\"\" width=\"500\" height=\"500\" srcset=\"https:\/\/www.sudoestehoje.com.br\/novoportal\/wp-content\/uploads\/2011\/08\/Sergio-Lopes-500x500.jpg 500w, https:\/\/www.sudoestehoje.com.br\/novoportal\/wp-content\/uploads\/2011\/08\/Sergio-Lopes-150x150.jpg 150w, https:\/\/www.sudoestehoje.com.br\/novoportal\/wp-content\/uploads\/2011\/08\/Sergio-Lopes.jpg 700w\" sizes=\"auto, (max-width: 500px) 100vw, 500px\" \/><\/a>\u00a0<\/p>\n<p>Amados em Cristo, gra\u00e7a e paz vos sejam multiplicadas (2 Pedro 1:2).\u00a0Por este ato e expediente noticiamos que a Primeira Igreja Batista em Itapetinga celebrou 73 anos no dia 31 de julho. \u00a0<\/p>\n<p>Movidos por um sentimento de gratid\u00e3o a Deus por tantas b\u00ean\u00e7\u00e3os e vit\u00f3rias, j\u00e1 estamos em festa.\u00a0Todavia, nos dias 7 e 8 de agosto, teremos duas grandes celebra\u00e7\u00f5es especiais com a presen\u00e7a do cantor S\u00e9rgio Lopes.<\/p>\n<p>Convidamos a todos para que venham celebrar conosco.<\/p>\n<p>Abra\u00e7\u00e3o a todos,<\/p>\n<p>Pr. Adelson\u00a0<\/p>\n<p><strong>Hist\u00f3ria da Igreja\u00a0<!--more--><\/strong><\/p>\n<p>A hist\u00f3ria da Primeira Igreja Batista de Itapetinga e da cidade de Itapetinga se confundem. N\u00e3o podemos pensar no nascimento de uma independentemente do nascimento da outra. Quando os desbravadores da regi\u00e3o, pioneiros da cidade, chegaram derrubando matas, abrindo fazendas, semeando capim e dando in\u00edcio ao arraial batizado de Itatinga, chegaram com eles alguns crentes batistas de diferentes regi\u00f5es do Estado, notadamente do sert\u00e3o de Conquista, que buscavam matas mais ao sul da Bahia para possuir a terra. Vinham no prop\u00f3sito de derrubar florestas, abrir clareiras, plantar capim, criar gado e levar o evangelho a todas as criaturas. Aqueles batistas traziam, sem sombra de d\u00favida, al\u00e9m do prop\u00f3sito de progredir, tamb\u00e9m a decis\u00e3o de, ao lado da semeadura do capim, semear o que traziam no cora\u00e7\u00e3o e na alma, a semente do evangelho.<\/p>\n<p>Traziam e queriam espalhar a chama viva do evangelho que ardia em seus cora\u00e7\u00f5es. Apossaram-se de glebas diferentes e distantes, pelo que, para se encontrarem e compartilhar a f\u00e9 que cultivavam, viajavam l\u00e9guas \u00e0s casas uns dos outros. A\u00ed oravam. Liam a B\u00edblia juntos, cultivavam comunh\u00e3o. Fortaleciam a f\u00e9 e semeavam a boa semente \u2013 o evangelho \u2013 no cora\u00e7\u00e3o de outras pessoas.<\/p>\n<p>O arraial de Itatinga\u00a0engatinhava. Para aqui vinham\u00a0periodicamente prover abastecimento. Decidem, ent\u00e3o, estabelecer o trabalho batista no arraial, organizando uma Congrega\u00e7\u00e3o. Uma casa alugada \u2013 uma meia \u00e1gua \u2013 na rua Santos Dumont, passando a se reunir nos finais de semana. Vinham para a feira e ficavam para a adora\u00e7\u00e3o dominical e a prega\u00e7\u00e3o do evangelho.<\/p>\n<p>Era a d\u00e9cada de 30, do s\u00e9culo XX. Convers\u00f5es acontecem. O trabalho junto ao rebanho de Itatinga cresce com o apoio da Igreja Batista de Sapucaia. Em 31 de julho de 1938, a Igreja\u00a0j\u00e1 se mostrava bastante organizada com 46 membros, sob a lideran\u00e7a do pastor Arlindo Rodrigues de Oliveira. Denomina-se ent\u00e3o, Templo Batista de Itatinga.<\/p>\n<p>At\u00e9 1943, esta igreja esteve reunida na Rua Santos Dumont, quando se transferiu para o novo templo, constru\u00eddo na atual Pra\u00e7a Augusto de Carvalho, em terreno comprado por 1.000$000 (hum conto de r\u00e9is), valor muito alto para um pequeno grupo de crentes.<\/p>\n<p>O pequeno templo abrigou a Igreja at\u00e9 1954, quando foi demolido para dar lugar ao atual, inaugurado em 1960, ainda hoje um dos mais importantes edif\u00edcios da cidade, na sua pra\u00e7a principal, que tem o nome do fundador Augusto Andrade de Carvalho.<\/p>\n<p>A Igreja Batista nasceu e cresceu com a cidade. Da\u00ed que as hist\u00f3rias se confundem. Ela tem tido participa\u00e7\u00e3o ativa em todos os grandes momentos e fatos da cidade. Nomeiem-se a sua participa\u00e7\u00e3o na luta pela emacipa\u00e7\u00e3o pol\u00edtica, no in\u00edcio da d\u00e9cada de 50; as iniciativas de cria\u00e7\u00e3o das primeiras escolas da vila, culminando na funda\u00e7\u00e3o da ACI (Associa\u00e7\u00e3o Cultural Itatinguense); a cria\u00e7\u00e3o do Gin\u00e1sio Alfredo Dutra (atual Centro Educacional Alfredo Dutra); a funda\u00e7\u00e3o do Col\u00e9gio Batista Albert Schweitzer; em 1968. Realiza uma obra social merecedora de refer\u00eancia atrav\u00e9s do Centro Batista de A\u00e7\u00e3o Social, atendendo nas \u00e1reas de moradia para fam\u00edlias carentes de resid\u00eancia; cursos profissionalizantes e alfabetiza\u00e7\u00e3o de adultos; atendimento m\u00e9dico e dent\u00e1rio; medicamentos, al\u00e9m de distribui\u00e7\u00e3o de cestas de alimenta\u00e7\u00e3o.<\/p>\n<p>Nestes anos todos, serviram \u00e0 Igreja na lideran\u00e7a espiritual os pastores Arlindo Rodrigues de Oliveira, Jos\u00e9 Jacinto da Silva, Saturnino Jos\u00e9 Pereira, Jo\u00e3o Moreira e Samuel de Oliveira Santos, que desenvolveu um longo e aben\u00e7oado minist\u00e9rio de 50 anos, encerrando-o em 2 de agosto de 2007, quando transmitiu o cajado pastoral ao Pastor Inaldo Camelo Vieira Filho.<\/p>\n<p>A Primeira Igreja Batista reconhece e afirma que a sua miss\u00e3o fundamental \u00e9 a evangeliza\u00e7\u00e3o do mundo, come\u00e7ando por Itapetinga, na vis\u00e3o da comiss\u00e3o dada por Jesus Cristo quando disse:\u00a0<em>\u201cSereis minhas testemunhas tanto em Jerusal\u00e9m, com em toda a Jud\u00e9ia e Samaria, e at\u00e9 os confins da terra\u201d<\/em>\u00a0(Atos 1:8)<\/p>\n","protected":false},"excerpt":{"rendered":"<p>\u00a0\u00a0 Amados em Cristo, gra\u00e7a e paz vos sejam multiplicadas (2 Pedro 1:2).\u00a0Por este ato e expediente noticiamos que a Primeira Igreja Batista em Itapetinga celebrou 73 anos no dia 31 de julho. \u00a0 Movidos por um sentimento de gratid\u00e3o a Deus por tantas b\u00ean\u00e7\u00e3os e vit\u00f3rias, j\u00e1 estamos em festa.\u00a0Todavia, nos dias 7 e [&hellip;]<\/p>\n","protected":false},"author":2,"featured_media":0,"comment_status":"open","ping_status":"open","sticky":false,"template":"","format":"standard","meta":{"footnotes":"","_links_to":"","_links_to_target":""},"categories":[1],"tags":[],"class_list":["post-7220","post","type-post","status-publish","format-standard","hentry","category-geral"],"views":4415,"_links":{"self":[{"href":"https:\/\/www.sudoestehoje.com.br\/novoportal\/wp-json\/wp\/v2\/posts\/7220","targetHints":{"allow":["GET"]}}],"collection":[{"href":"https:\/\/www.sudoestehoje.com.br\/novoportal\/wp-json\/wp\/v2\/posts"}],"about":[{"href":"https:\/\/www.sudoestehoje.com.br\/novoportal\/wp-json\/wp\/v2\/types\/post"}],"author":[{"embeddable":true,"href":"https:\/\/www.sudoestehoje.com.br\/novoportal\/wp-json\/wp\/v2\/users\/2"}],"replies":[{"embeddable":true,"href":"https:\/\/www.sudoestehoje.com.br\/novoportal\/wp-json\/wp\/v2\/comments?post=7220"}],"version-history":[{"count":4,"href":"https:\/\/www.sudoestehoje.com.br\/novoportal\/wp-json\/wp\/v2\/posts\/7220\/revisions"}],"predecessor-version":[{"id":7225,"href":"https:\/\/www.sudoestehoje.com.br\/novoportal\/wp-json\/wp\/v2\/posts\/7220\/revisions\/7225"}],"wp:attachment":[{"href":"https:\/\/www.sudoestehoje.com.br\/novoportal\/wp-json\/wp\/v2\/media?parent=7220"}],"wp:term":[{"taxonomy":"category","embeddable":true,"href":"https:\/\/www.sudoestehoje.com.br\/novoportal\/wp-json\/wp\/v2\/categories?post=7220"},{"taxonomy":"post_tag","embeddable":true,"href":"https:\/\/www.sudoestehoje.com.br\/novoportal\/wp-json\/wp\/v2\/tags?post=7220"}],"curies":[{"name":"wp","href":"https:\/\/api.w.org\/{rel}","templated":true}]}}